{"id":36479,"date":"2022-02-23T19:09:11","date_gmt":"2022-02-23T17:09:11","guid":{"rendered":"https:\/\/www.turiart.com\/turiart-continua-ad-ampliare-la-sua-offerta-con-visite-guidate-della-mostra-berlanguiano-luis-garcia-berlanga-1921-2021-a-bombas-gens\/"},"modified":"2022-02-23T19:09:11","modified_gmt":"2022-02-23T17:09:11","slug":"turiart-continua-ad-ampliare-la-sua-offerta-con-visite-guidate-della-mostra-berlanguiano-luis-garcia-berlanga-1921-2021-a-bombas-gens","status":"publish","type":"post","link":"https:\/\/www.turiart.com\/it\/turiart-continua-ad-ampliare-la-sua-offerta-con-visite-guidate-della-mostra-berlanguiano-luis-garcia-berlanga-1921-2021-a-bombas-gens\/","title":{"rendered":"TURIART continua ad ampliare la sua offerta con visite guidate della mostra \u201cBerlanguiano. Luis Garc\u00eda Berlanga (1921-2021)\u201d a Bombas Gens"},"content":{"rendered":"<p><strong>Valencia, febbraio 2022.<\/strong>- In occasione del centenario della nascita di Berlanga, hanno presentato la mostra \u201cBerlanguiano. Luis Garc\u00eda Berlanga (1921-2021)\u201d. Questa mostra \u00e8 un omaggio al percorso di Luis Garc\u00eda de Berlanga nel mondo cinematografico. La mostra su Berlanga \u00e8 stata a Madrid e Siviglia e attualmente \u00e8 gi\u00e0 installata nella citt\u00e0 di Valencia, provincia di nascita di Luis Garc\u00eda Berlanga, nel Centro de Artes Bombas Gens. La troviamo esposta dopo la concomitanza con la celebrazione della festa del cinema spagnolo <em>Los Goya<\/em> en Valencia. La mostra \u00e8 curata da Esperanza Garc\u00eda Claver.<\/p>\n<p>Turiart inizier\u00e0 a realizzare <strong>visite guidate<\/strong> a questa esposizione per coloro che sono interessati nel percorso di Luis Garc\u00eda de Berlanga. Nella mostra potremo trovare un\u2019installazione con dodici schermi dove ci spiegheranno curiosit\u00e0 e informazioni sul<br \/>\nmateriale audiovisivo che potremo trovare esposto sui suoi film, cos\u00ec come manifesti, <strong>sceneggiature originali<\/strong> di alcuni dei suoi titoli di film pi\u00f9 emblematici, piani di ripresa e fotografie. Allo stesso tempo, troveremo esposti momenti della vita spagnola locale che sono stati interpretati e raffigurati da famosi fotografi nazionali e internazionali. Questa visita ci offre l\u2019opportunit\u00e0 di conoscere e apprendere in un modo pi\u00f9 visivo e speciale la figura del cineasta, che \u00e8 stato uno degli autori pi\u00f9 importanti del XX secolo della cultura della Spagna, cos\u00ec come la sua biografia personale, dato che la sua vita e i suoi aneddoti personali sono stati molto legati alla sua creazione cinematografica.<\/p>\n<p>Le visite guidate saranno disponibili <span style=\"text-decoration: underline;\">dal 4 marzo sino al 12 giugno<\/span> e l\u2019orario di visita della mostra \u00e8 dal mercoled\u00ec alla domenica dalle 11:00 alle 14:00 e dalle 16:00 alle 19:00. Per la visita guidata di benvenuto e presentazione del Centro si propone la creazione di gruppi di visitatori di un massimo di 20 persone. Si potranno realizzare visite guidate per la mostra di Berlanga o congiuntamente per scoprire il Centro de Arte Bombas Gens. Le lingue previste saranno castellano, valenciano e inglese. Sotto richiesta si potr\u00e0 offrire il servizio in francese, italiano o tedesco.<\/p>\n<p>La mostra \u00e8 organizzata dall\u2019Academia del Cinema (Academia de Cine) ed \u00e8 stata realizzata grazie alla collaborazione di <strong>Fundaci\u00f3 Per Amor a l\u2019Art - Bombas Gens (FPAA)<\/strong>, Visit Val\u00e8ncia, Ayuntamiento de Valencia, Turisme Comunitat Valenciana, Ministerio de Cultura y Deporte y Val\u00e8ncia Turisme.<\/p>\n<p>&nbsp;<\/p>\n<h4><a href=\"https:\/\/www.turiart.com\/catalogo-de-productos\/proximas-rutas\/visita-guiada-bombas-gens\/\"><span style=\"color: #800000;\">Biglietti disponibili sul nostro sito web<\/span><\/a><\/h4>\n","protected":false},"excerpt":{"rendered":"<p>Valencia, febbraio 2022.- In occasione del centenario della nascita di Berlanga, hanno presentato la mostra \u201cBerlanguiano. Luis Garc\u00eda Berlanga (1921-2021)\u201d. Questa mostra \u00e8 un omaggio al percorso di Luis Garc\u00eda de Berlanga nel mondo cinematografico. La mostra su Berlanga \u00e8 stata a Madrid e Siviglia e attualmente \u00e8 gi\u00e0 installata nella citt\u00e0 di Valencia, provincia [&hellip;]<\/p>\n","protected":false},"author":4,"featured_media":36474,"comment_status":"open","ping_status":"closed","sticky":false,"template":"","format":"standard","meta":{"_acf_changed":false,"_joinchat":[],"footnotes":""},"categories":[138,140,2438],"tags":[2554,2555,2552,2440,2439,2553],"class_list":["post-36479","post","type-post","status-publish","format-standard","has-post-thumbnail","hentry","category-corporativo-it","category-notizie","category-storia","tag-berlanga-it","tag-bombas-gens-it","tag-regione-di-valencia","tag-turiart-it","tag-valencia-it","tag-visita-guidata"],"acf":[],"yoast_head":"<!-- This site is optimized with the Yoast SEO plugin v26.8 - https:\/\/yoast.com\/product\/yoast-seo-wordpress\/ -->\n<title>TURIART continua ad ampliare la sua offerta con visite guidate della mostra \u201cBerlanguiano. Luis Garc\u00eda Berlanga (1921-2021)\u201d a Bombas Gens - Turiart<\/title>\n<meta name=\"description\" content=\"Valencia, febbraio 2022.- In occasione del centenario della nascita di Berlanga, hanno presentato la mostra \u201cBerlanguiano. Luis Garc\u00eda Berlanga\" \/>\n<meta name=\"robots\" content=\"index, follow, max-snippet:-1, max-image-preview:large, max-video-preview:-1\" \/>\n<link rel=\"canonical\" href=\"https:\/\/www.turiart.com\/it\/turiart-continua-ad-ampliare-la-sua-offerta-con-visite-guidate-della-mostra-berlanguiano-luis-garcia-berlanga-1921-2021-a-bombas-gens\/\" \/>\n<meta property=\"og:locale\" content=\"it_IT\" \/>\n<meta property=\"og:type\" content=\"article\" \/>\n<meta property=\"og:title\" content=\"TURIART continua ad ampliare la sua offerta con visite guidate della mostra \u201cBerlanguiano. Luis Garc\u00eda Berlanga (1921-2021)\u201d a Bombas Gens - Turiart\" \/>\n<meta property=\"og:description\" content=\"Valencia, febbraio 2022.- In occasione del centenario della nascita di Berlanga, hanno presentato la mostra \u201cBerlanguiano. Luis Garc\u00eda Berlanga\" \/>\n<meta property=\"og:url\" content=\"https:\/\/www.turiart.com\/it\/turiart-continua-ad-ampliare-la-sua-offerta-con-visite-guidate-della-mostra-berlanguiano-luis-garcia-berlanga-1921-2021-a-bombas-gens\/\" \/>\n<meta property=\"og:site_name\" content=\"Turiart\" \/>\n<meta property=\"article:publisher\" content=\"https:\/\/www.facebook.com\/turiartVLC\/\" \/>\n<meta property=\"article:published_time\" content=\"2022-02-23T17:09:11+00:00\" \/>\n<meta property=\"og:image\" content=\"https:\/\/www.turiart.com\/wp-content\/uploads\/2022\/02\/BG.jpeg\" \/>\n\t<meta property=\"og:image:width\" content=\"2048\" \/>\n\t<meta property=\"og:image:height\" content=\"1024\" \/>\n\t<meta property=\"og:image:type\" content=\"image\/jpeg\" \/>\n<meta name=\"author\" content=\"Turiart\" \/>\n<meta name=\"twitter:label1\" content=\"Written by\" \/>\n\t<meta name=\"twitter:data1\" content=\"Turiart\" \/>\n\t<meta name=\"twitter:label2\" content=\"Est. reading time\" \/>\n\t<meta name=\"twitter:data2\" content=\"2 minutes\" \/>\n<script type=\"application\/ld+json\" class=\"yoast-schema-graph\">{\"@context\":\"https:\/\/schema.org\",\"@graph\":[{\"@type\":\"Article\",\"@id\":\"https:\/\/www.turiart.com\/it\/turiart-continua-ad-ampliare-la-sua-offerta-con-visite-guidate-della-mostra-berlanguiano-luis-garcia-berlanga-1921-2021-a-bombas-gens\/#article\",\"isPartOf\":{\"@id\":\"https:\/\/www.turiart.com\/it\/turiart-continua-ad-ampliare-la-sua-offerta-con-visite-guidate-della-mostra-berlanguiano-luis-garcia-berlanga-1921-2021-a-bombas-gens\/\"},\"author\":{\"name\":\"Turiart\",\"@id\":\"https:\/\/www.turiart.com\/it\/#\/schema\/person\/214345442abe1bd41afd4db03c5bfe0f\"},\"headline\":\"TURIART continua ad ampliare la sua offerta con visite guidate della mostra \u201cBerlanguiano. Luis Garc\u00eda Berlanga (1921-2021)\u201d a Bombas Gens\",\"datePublished\":\"2022-02-23T17:09:11+00:00\",\"mainEntityOfPage\":{\"@id\":\"https:\/\/www.turiart.com\/it\/turiart-continua-ad-ampliare-la-sua-offerta-con-visite-guidate-della-mostra-berlanguiano-luis-garcia-berlanga-1921-2021-a-bombas-gens\/\"},\"wordCount\":402,\"commentCount\":0,\"publisher\":{\"@id\":\"https:\/\/www.turiart.com\/it\/#organization\"},\"image\":{\"@id\":\"https:\/\/www.turiart.com\/it\/turiart-continua-ad-ampliare-la-sua-offerta-con-visite-guidate-della-mostra-berlanguiano-luis-garcia-berlanga-1921-2021-a-bombas-gens\/#primaryimage\"},\"thumbnailUrl\":\"https:\/\/www.turiart.com\/wp-content\/uploads\/2022\/02\/BG.jpeg\",\"keywords\":[\"Berlanga\",\"Bombas Gens\",\"Regione di Valencia\",\"turiart\",\"valencia\",\"visita guidata\"],\"articleSection\":[\"Corporativo\",\"Notizie\",\"Storia\"],\"inLanguage\":\"it-IT\",\"potentialAction\":[{\"@type\":\"CommentAction\",\"name\":\"Comment\",\"target\":[\"https:\/\/www.turiart.com\/it\/turiart-continua-ad-ampliare-la-sua-offerta-con-visite-guidate-della-mostra-berlanguiano-luis-garcia-berlanga-1921-2021-a-bombas-gens\/#respond\"]}]},{\"@type\":\"WebPage\",\"@id\":\"https:\/\/www.turiart.com\/it\/turiart-continua-ad-ampliare-la-sua-offerta-con-visite-guidate-della-mostra-berlanguiano-luis-garcia-berlanga-1921-2021-a-bombas-gens\/\",\"url\":\"https:\/\/www.turiart.com\/it\/turiart-continua-ad-ampliare-la-sua-offerta-con-visite-guidate-della-mostra-berlanguiano-luis-garcia-berlanga-1921-2021-a-bombas-gens\/\",\"name\":\"TURIART continua ad ampliare la sua offerta con visite guidate della mostra \u201cBerlanguiano. Luis Garc\u00eda Berlanga (1921-2021)\u201d a Bombas Gens - Turiart\",\"isPartOf\":{\"@id\":\"https:\/\/www.turiart.com\/it\/#website\"},\"primaryImageOfPage\":{\"@id\":\"https:\/\/www.turiart.com\/it\/turiart-continua-ad-ampliare-la-sua-offerta-con-visite-guidate-della-mostra-berlanguiano-luis-garcia-berlanga-1921-2021-a-bombas-gens\/#primaryimage\"},\"image\":{\"@id\":\"https:\/\/www.turiart.com\/it\/turiart-continua-ad-ampliare-la-sua-offerta-con-visite-guidate-della-mostra-berlanguiano-luis-garcia-berlanga-1921-2021-a-bombas-gens\/#primaryimage\"},\"thumbnailUrl\":\"https:\/\/www.turiart.com\/wp-content\/uploads\/2022\/02\/BG.jpeg\",\"datePublished\":\"2022-02-23T17:09:11+00:00\",\"description\":\"Valencia, febbraio 2022.- In occasione del centenario della nascita di Berlanga, hanno presentato la mostra \u201cBerlanguiano. Luis Garc\u00eda Berlanga\",\"breadcrumb\":{\"@id\":\"https:\/\/www.turiart.com\/it\/turiart-continua-ad-ampliare-la-sua-offerta-con-visite-guidate-della-mostra-berlanguiano-luis-garcia-berlanga-1921-2021-a-bombas-gens\/#breadcrumb\"},\"inLanguage\":\"it-IT\",\"potentialAction\":[{\"@type\":\"ReadAction\",\"target\":[\"https:\/\/www.turiart.com\/it\/turiart-continua-ad-ampliare-la-sua-offerta-con-visite-guidate-della-mostra-berlanguiano-luis-garcia-berlanga-1921-2021-a-bombas-gens\/\"]}]},{\"@type\":\"ImageObject\",\"inLanguage\":\"it-IT\",\"@id\":\"https:\/\/www.turiart.com\/it\/turiart-continua-ad-ampliare-la-sua-offerta-con-visite-guidate-della-mostra-berlanguiano-luis-garcia-berlanga-1921-2021-a-bombas-gens\/#primaryimage\",\"url\":\"https:\/\/www.turiart.com\/wp-content\/uploads\/2022\/02\/BG.jpeg\",\"contentUrl\":\"https:\/\/www.turiart.com\/wp-content\/uploads\/2022\/02\/BG.jpeg\",\"width\":2048,\"height\":1024},{\"@type\":\"BreadcrumbList\",\"@id\":\"https:\/\/www.turiart.com\/it\/turiart-continua-ad-ampliare-la-sua-offerta-con-visite-guidate-della-mostra-berlanguiano-luis-garcia-berlanga-1921-2021-a-bombas-gens\/#breadcrumb\",\"itemListElement\":[{\"@type\":\"ListItem\",\"position\":1,\"name\":\"Home\",\"item\":\"https:\/\/www.turiart.com\/it\/\"},{\"@type\":\"ListItem\",\"position\":2,\"name\":\"Corporativo\",\"item\":\"https:\/\/www.turiart.com\/it\/category\/corporativo-it\/\"},{\"@type\":\"ListItem\",\"position\":3,\"name\":\"TURIART continua ad ampliare la sua offerta con visite guidate della mostra \u201cBerlanguiano. Luis Garc\u00eda Berlanga (1921-2021)\u201d a Bombas Gens\"}]},{\"@type\":\"WebSite\",\"@id\":\"https:\/\/www.turiart.com\/it\/#website\",\"url\":\"https:\/\/www.turiart.com\/it\/\",\"name\":\"Turiart\",\"description\":\"Visitas guiadas y servicios tur\u00edstico-culturales en Valencia\",\"publisher\":{\"@id\":\"https:\/\/www.turiart.com\/it\/#organization\"},\"potentialAction\":[{\"@type\":\"SearchAction\",\"target\":{\"@type\":\"EntryPoint\",\"urlTemplate\":\"https:\/\/www.turiart.com\/it\/?s={search_term_string}\"},\"query-input\":{\"@type\":\"PropertyValueSpecification\",\"valueRequired\":true,\"valueName\":\"search_term_string\"}}],\"inLanguage\":\"it-IT\"},{\"@type\":\"Organization\",\"@id\":\"https:\/\/www.turiart.com\/it\/#organization\",\"name\":\"Servicios Auxiliares Turiart, S.L\",\"url\":\"https:\/\/www.turiart.com\/it\/\",\"logo\":{\"@type\":\"ImageObject\",\"inLanguage\":\"it-IT\",\"@id\":\"https:\/\/www.turiart.com\/it\/#\/schema\/logo\/image\/\",\"url\":\"https:\/\/www.turiart.com\/wp-content\/uploads\/2018\/06\/logoHD-1.png\",\"contentUrl\":\"https:\/\/www.turiart.com\/wp-content\/uploads\/2018\/06\/logoHD-1.png\",\"width\":403,\"height\":209,\"caption\":\"Servicios Auxiliares Turiart, S.L\"},\"image\":{\"@id\":\"https:\/\/www.turiart.com\/it\/#\/schema\/logo\/image\/\"},\"sameAs\":[\"https:\/\/www.facebook.com\/turiartVLC\/\",\"https:\/\/x.com\/turiart\",\"https:\/\/www.instagram.com\/turiart\/\",\"https:\/\/www.linkedin.com\/company\/2726719\/admin\/\"]},{\"@type\":\"Person\",\"@id\":\"https:\/\/www.turiart.com\/it\/#\/schema\/person\/214345442abe1bd41afd4db03c5bfe0f\",\"name\":\"Turiart\"}]}<\/script>\n<!-- \/ Yoast SEO plugin. -->","yoast_head_json":{"title":"TURIART continua ad ampliare la sua offerta con visite guidate della mostra \u201cBerlanguiano. Luis Garc\u00eda Berlanga (1921-2021)\u201d a Bombas Gens - Turiart","description":"Valencia, febbraio 2022.- In occasione del centenario della nascita di Berlanga, hanno presentato la mostra \u201cBerlanguiano. Luis Garc\u00eda Berlanga","robots":{"index":"index","follow":"follow","max-snippet":"max-snippet:-1","max-image-preview":"max-image-preview:large","max-video-preview":"max-video-preview:-1"},"canonical":"https:\/\/www.turiart.com\/it\/turiart-continua-ad-ampliare-la-sua-offerta-con-visite-guidate-della-mostra-berlanguiano-luis-garcia-berlanga-1921-2021-a-bombas-gens\/","og_locale":"it_IT","og_type":"article","og_title":"TURIART continua ad ampliare la sua offerta con visite guidate della mostra \u201cBerlanguiano. Luis Garc\u00eda Berlanga (1921-2021)\u201d a Bombas Gens - Turiart","og_description":"Valencia, febbraio 2022.- In occasione del centenario della nascita di Berlanga, hanno presentato la mostra \u201cBerlanguiano. Luis Garc\u00eda Berlanga","og_url":"https:\/\/www.turiart.com\/it\/turiart-continua-ad-ampliare-la-sua-offerta-con-visite-guidate-della-mostra-berlanguiano-luis-garcia-berlanga-1921-2021-a-bombas-gens\/","og_site_name":"Turiart","article_publisher":"https:\/\/www.facebook.com\/turiartVLC\/","article_published_time":"2022-02-23T17:09:11+00:00","og_image":[{"width":2048,"height":1024,"url":"https:\/\/www.turiart.com\/wp-content\/uploads\/2022\/02\/BG.jpeg","type":"image\/jpeg"}],"author":"Turiart","twitter_misc":{"Written by":"Turiart","Est. reading time":"2 minutes"},"schema":{"@context":"https:\/\/schema.org","@graph":[{"@type":"Article","@id":"https:\/\/www.turiart.com\/it\/turiart-continua-ad-ampliare-la-sua-offerta-con-visite-guidate-della-mostra-berlanguiano-luis-garcia-berlanga-1921-2021-a-bombas-gens\/#article","isPartOf":{"@id":"https:\/\/www.turiart.com\/it\/turiart-continua-ad-ampliare-la-sua-offerta-con-visite-guidate-della-mostra-berlanguiano-luis-garcia-berlanga-1921-2021-a-bombas-gens\/"},"author":{"name":"Turiart","@id":"https:\/\/www.turiart.com\/it\/#\/schema\/person\/214345442abe1bd41afd4db03c5bfe0f"},"headline":"TURIART continua ad ampliare la sua offerta con visite guidate della mostra \u201cBerlanguiano. Luis Garc\u00eda Berlanga (1921-2021)\u201d a Bombas Gens","datePublished":"2022-02-23T17:09:11+00:00","mainEntityOfPage":{"@id":"https:\/\/www.turiart.com\/it\/turiart-continua-ad-ampliare-la-sua-offerta-con-visite-guidate-della-mostra-berlanguiano-luis-garcia-berlanga-1921-2021-a-bombas-gens\/"},"wordCount":402,"commentCount":0,"publisher":{"@id":"https:\/\/www.turiart.com\/it\/#organization"},"image":{"@id":"https:\/\/www.turiart.com\/it\/turiart-continua-ad-ampliare-la-sua-offerta-con-visite-guidate-della-mostra-berlanguiano-luis-garcia-berlanga-1921-2021-a-bombas-gens\/#primaryimage"},"thumbnailUrl":"https:\/\/www.turiart.com\/wp-content\/uploads\/2022\/02\/BG.jpeg","keywords":["Berlanga","Bombas Gens","Regione di Valencia","turiart","valencia","visita guidata"],"articleSection":["Corporativo","Notizie","Storia"],"inLanguage":"it-IT","potentialAction":[{"@type":"CommentAction","name":"Comment","target":["https:\/\/www.turiart.com\/it\/turiart-continua-ad-ampliare-la-sua-offerta-con-visite-guidate-della-mostra-berlanguiano-luis-garcia-berlanga-1921-2021-a-bombas-gens\/#respond"]}]},{"@type":"WebPage","@id":"https:\/\/www.turiart.com\/it\/turiart-continua-ad-ampliare-la-sua-offerta-con-visite-guidate-della-mostra-berlanguiano-luis-garcia-berlanga-1921-2021-a-bombas-gens\/","url":"https:\/\/www.turiart.com\/it\/turiart-continua-ad-ampliare-la-sua-offerta-con-visite-guidate-della-mostra-berlanguiano-luis-garcia-berlanga-1921-2021-a-bombas-gens\/","name":"TURIART continua ad ampliare la sua offerta con visite guidate della mostra \u201cBerlanguiano. Luis Garc\u00eda Berlanga (1921-2021)\u201d a Bombas Gens - Turiart","isPartOf":{"@id":"https:\/\/www.turiart.com\/it\/#website"},"primaryImageOfPage":{"@id":"https:\/\/www.turiart.com\/it\/turiart-continua-ad-ampliare-la-sua-offerta-con-visite-guidate-della-mostra-berlanguiano-luis-garcia-berlanga-1921-2021-a-bombas-gens\/#primaryimage"},"image":{"@id":"https:\/\/www.turiart.com\/it\/turiart-continua-ad-ampliare-la-sua-offerta-con-visite-guidate-della-mostra-berlanguiano-luis-garcia-berlanga-1921-2021-a-bombas-gens\/#primaryimage"},"thumbnailUrl":"https:\/\/www.turiart.com\/wp-content\/uploads\/2022\/02\/BG.jpeg","datePublished":"2022-02-23T17:09:11+00:00","description":"Valencia, febbraio 2022.- In occasione del centenario della nascita di Berlanga, hanno presentato la mostra \u201cBerlanguiano. Luis Garc\u00eda Berlanga","breadcrumb":{"@id":"https:\/\/www.turiart.com\/it\/turiart-continua-ad-ampliare-la-sua-offerta-con-visite-guidate-della-mostra-berlanguiano-luis-garcia-berlanga-1921-2021-a-bombas-gens\/#breadcrumb"},"inLanguage":"it-IT","potentialAction":[{"@type":"ReadAction","target":["https:\/\/www.turiart.com\/it\/turiart-continua-ad-ampliare-la-sua-offerta-con-visite-guidate-della-mostra-berlanguiano-luis-garcia-berlanga-1921-2021-a-bombas-gens\/"]}]},{"@type":"ImageObject","inLanguage":"it-IT","@id":"https:\/\/www.turiart.com\/it\/turiart-continua-ad-ampliare-la-sua-offerta-con-visite-guidate-della-mostra-berlanguiano-luis-garcia-berlanga-1921-2021-a-bombas-gens\/#primaryimage","url":"https:\/\/www.turiart.com\/wp-content\/uploads\/2022\/02\/BG.jpeg","contentUrl":"https:\/\/www.turiart.com\/wp-content\/uploads\/2022\/02\/BG.jpeg","width":2048,"height":1024},{"@type":"BreadcrumbList","@id":"https:\/\/www.turiart.com\/it\/turiart-continua-ad-ampliare-la-sua-offerta-con-visite-guidate-della-mostra-berlanguiano-luis-garcia-berlanga-1921-2021-a-bombas-gens\/#breadcrumb","itemListElement":[{"@type":"ListItem","position":1,"name":"Home","item":"https:\/\/www.turiart.com\/it\/"},{"@type":"ListItem","position":2,"name":"Corporativo","item":"https:\/\/www.turiart.com\/it\/category\/corporativo-it\/"},{"@type":"ListItem","position":3,"name":"TURIART continua ad ampliare la sua offerta con visite guidate della mostra \u201cBerlanguiano. Luis Garc\u00eda Berlanga (1921-2021)\u201d a Bombas Gens"}]},{"@type":"WebSite","@id":"https:\/\/www.turiart.com\/it\/#website","url":"https:\/\/www.turiart.com\/it\/","name":"Turiart","description":"Visitas guiadas y servicios tur\u00edstico-culturales en Valencia","publisher":{"@id":"https:\/\/www.turiart.com\/it\/#organization"},"potentialAction":[{"@type":"SearchAction","target":{"@type":"EntryPoint","urlTemplate":"https:\/\/www.turiart.com\/it\/?s={search_term_string}"},"query-input":{"@type":"PropertyValueSpecification","valueRequired":true,"valueName":"search_term_string"}}],"inLanguage":"it-IT"},{"@type":"Organization","@id":"https:\/\/www.turiart.com\/it\/#organization","name":"Servicios Auxiliares Turiart, S.L","url":"https:\/\/www.turiart.com\/it\/","logo":{"@type":"ImageObject","inLanguage":"it-IT","@id":"https:\/\/www.turiart.com\/it\/#\/schema\/logo\/image\/","url":"https:\/\/www.turiart.com\/wp-content\/uploads\/2018\/06\/logoHD-1.png","contentUrl":"https:\/\/www.turiart.com\/wp-content\/uploads\/2018\/06\/logoHD-1.png","width":403,"height":209,"caption":"Servicios Auxiliares Turiart, S.L"},"image":{"@id":"https:\/\/www.turiart.com\/it\/#\/schema\/logo\/image\/"},"sameAs":["https:\/\/www.facebook.com\/turiartVLC\/","https:\/\/x.com\/turiart","https:\/\/www.instagram.com\/turiart\/","https:\/\/www.linkedin.com\/company\/2726719\/admin\/"]},{"@type":"Person","@id":"https:\/\/www.turiart.com\/it\/#\/schema\/person\/214345442abe1bd41afd4db03c5bfe0f","name":"Turiart"}]}},"_links":{"self":[{"href":"https:\/\/www.turiart.com\/it\/wp-json\/wp\/v2\/posts\/36479","targetHints":{"allow":["GET"]}}],"collection":[{"href":"https:\/\/www.turiart.com\/it\/wp-json\/wp\/v2\/posts"}],"about":[{"href":"https:\/\/www.turiart.com\/it\/wp-json\/wp\/v2\/types\/post"}],"author":[{"embeddable":true,"href":"https:\/\/www.turiart.com\/it\/wp-json\/wp\/v2\/users\/4"}],"replies":[{"embeddable":true,"href":"https:\/\/www.turiart.com\/it\/wp-json\/wp\/v2\/comments?post=36479"}],"version-history":[{"count":0,"href":"https:\/\/www.turiart.com\/it\/wp-json\/wp\/v2\/posts\/36479\/revisions"}],"wp:featuredmedia":[{"embeddable":true,"href":"https:\/\/www.turiart.com\/it\/wp-json\/wp\/v2\/media\/36474"}],"wp:attachment":[{"href":"https:\/\/www.turiart.com\/it\/wp-json\/wp\/v2\/media?parent=36479"}],"wp:term":[{"taxonomy":"category","embeddable":true,"href":"https:\/\/www.turiart.com\/it\/wp-json\/wp\/v2\/categories?post=36479"},{"taxonomy":"post_tag","embeddable":true,"href":"https:\/\/www.turiart.com\/it\/wp-json\/wp\/v2\/tags?post=36479"}],"curies":[{"name":"wp","href":"https:\/\/api.w.org\/{rel}","templated":true}]}}