{"id":36515,"date":"2022-03-02T11:07:32","date_gmt":"2022-03-02T09:07:32","guid":{"rendered":"https:\/\/www.turiart.com\/secondo-anno-giubilare-del-santo-calice-a-valencia\/"},"modified":"2022-03-03T12:01:43","modified_gmt":"2022-03-03T10:01:43","slug":"secondo-anno-giubilare-del-santo-calice-a-valencia","status":"publish","type":"post","link":"https:\/\/www.turiart.com\/it\/secondo-anno-giubilare-del-santo-calice-a-valencia\/","title":{"rendered":"Secondo Anno Giubilare del Santo Calice a Valencia\u00a0"},"content":{"rendered":"<p><span style=\"font-weight: 400;\">Valencia si prepara per la seconda celebrazione dell'<\/span><b>Anno Giubilare del Santo Grial <\/b><span style=\"font-weight: 400;\">che\u00a0 inizier\u00e0 questo stesso anno, precisamente\u00a0<\/span>l'ultimo gioved\u00ec di ottobre, il giorno 29.<\/p>\n<p><span style=\"font-weight: 400;\">Sapevate che questo conferimento \u00e8 stato concesso alla citt\u00e0 del Turia da Papa Francesco nel\u00a0 2015?<\/span><span style=\"font-weight: 400;\"> Da allora Valencia \u00e8 stata inserita nella lista delle citt\u00e0 sante del mondo. <\/span><span style=\"font-weight: 400;\">La Cattedrale di Valencia ha il privilegio di accogliere uno dei tesori pi\u00f9 importanti della Chiesa:\u00a0 <a href=\"https:\/\/museocatedralvalencia.com\/la-visita\/recorrido-capillas\/el-santo-caliz-de-la-cena-del-senor\/\">il Santo Calice<\/a>.\u00a0<\/span>La stessa Santa Sede ha confermato che si tratta della coppa usata da Ges\u00f9 Cristo nell'Ultima Cena. Il Calice Santo, che dal 1916 \u00e8 esposto nella\u00a0 <b>Cappella del Santo Calice della Cattedrale<\/b><span style=\"font-weight: 400;\">, genera molte leggende e un grande interesse da parte di visitatori che desiderano ammirare questa famosa reliquia. Questo rende la Seo di Valencia una delle principali destinazioni di\u00a0 pellegrinaggio sia per i fedeli cristiani che per i turisti curiosi di scoprire la loro storia.\u00a0<\/span><\/p>\n<p><span style=\"font-weight: 400;\">Se seguiamo i passi del <\/span><b>Santo Grial <\/b><span style=\"font-weight: 400;\">fino a Val\u00e8ncia, la storia di questo percorso \u00e8 molto\u00a0 interessante. Inizia con San Pietro, che lo trasport\u00f2 da Gerusalemme a <\/span><b>Roma<\/b><span style=\"font-weight: 400;\">. Pi\u00f9 tardi, dopo le persecuzioni da parte dell'imperatore Valeriano, Papa Sisto II incaric\u00f2 il suo diacono San\u00a0 Lorenzo di estrarre il calice della \"citt\u00e0 eterna\" e per proteggerlo lo port\u00f2 a <\/span><b>Huesca<\/b><span style=\"font-weight: 400;\">, dove fin\u00ec nascosto nel <strong>monastero di<\/strong> <\/span><b>San Juan de la Pe\u00f1a<\/b><span style=\"font-weight: 400;\">. Gi\u00e0 nel XIV secolo, si consegna da parte dei\u00a0 monaci del monastero al re d'Arag\u00f3n. Il Santo Calice pass\u00f2 anche per <\/span><b>l'Aljafer\u00eda<\/b><span style=\"font-weight: 400;\">, residenza reale a <\/span><b>Saragozza<\/b><span style=\"font-weight: 400;\">. Nel 1424, grazie al re Alfonso il Magnanimo, il Santo Calice si trasferisce al\u00a0 <\/span><b>Palazzo Reale di Valencia<\/b><span style=\"font-weight: 400;\">, il suo luogo di residenza. Dieci anni dopo, e dopo la costosa campagna militare per la conquista del regno di Napoli, re Alfonso dovette restituire sotto\u00a0 forma di pegno tutte le sue reliquie, compreso il Santo Calice, per saldare il suo debito con la Chiesa. Da allora si \u00e8 conservato e venerato per secoli tra i tesori della <\/span><b>Cattedrale di Val\u00e8ncia.\u00a0<\/b><\/p>\n<p><span style=\"font-weight: 400;\">Se vuoi saperne di pi\u00f9 su questa famosa reliquia ti invitiamo a prenotare la <\/span><i><span style=\"font-weight: 400;\">\"<a href=\"https:\/\/www.turiart.com\/catalogo-de-productos\/proximas-rutas\/ruta-grial-arte-religioso\/\">Ruta del Grial y Arte Religioso<\/a>\" <\/span><\/i><span style=\"font-weight: 400;\">che ti trasporter\u00e0 attraverso San Juan del Hospital, la Catedral e la chiesa di\u00a0 San Nicol\u00e1s (biglietti inclusi) per un fantastico tour dove conoscerai il passato medievale della capitale valenciana oltre alla sua architettura religiosa pi\u00f9 importante. Nel percorso, vedrai\u00a0 anche altri monumenti come la <a href=\"https:\/\/basilicadesamparados.org\/\">Basilica<\/a>, la chiesa di Santa Caterina e il <a href=\"https:\/\/patriarcavalencia.es\/\">Patriarca<\/a>.\u00a0<\/span><\/p>\n<p><span style=\"font-weight: 400;\">Sul nostro sito troverai maggiori informazioni sul tour, orari e prezzi:\u00a0<\/span><\/p>\n<p><a href=\"https:\/\/www.turiart.com\/catalogo-de-productos\/proximas-rutas\/ruta-grial-arte-religioso\/\">Ruta del Grial y arte religioso (Viernes a las 10h)<\/a><\/p>\n<p><span style=\"font-weight: 400;\">Iscriviti e non perderti questo fantastico percorso!<\/span><\/p>\n<p><img decoding=\"async\" src=\"https:\/\/www.turiart.com\/wp-content\/uploads\/2017\/02\/Capilla-Santo-Caliz-int03.jpg\" \/><\/p>\n","protected":false},"excerpt":{"rendered":"<p>Valencia si prepara per la seconda celebrazione dell'Anno Giubilare del Santo Grial che\u00a0 inizier\u00e0 questo stesso anno, precisamente\u00a0l'ultimo gioved\u00ec di ottobre, il giorno 29. Sapevate che questo conferimento \u00e8 stato concesso alla citt\u00e0 del Turia da Papa Francesco nel\u00a0 2015? Da allora Valencia \u00e8 stata inserita nella lista delle citt\u00e0 sante del mondo. La Cattedrale [&hellip;]<\/p>\n","protected":false},"author":4,"featured_media":33748,"comment_status":"open","ping_status":"closed","sticky":false,"template":"","format":"standard","meta":{"_acf_changed":false,"_joinchat":[],"footnotes":""},"categories":[138,140],"tags":[2621,2622,2626,2623,2624,2625,2617,2618,2619,2629,2627,2628,2620,2439,2514],"class_list":["post-36515","post","type-post","status-publish","format-standard","has-post-thumbnail","hentry","category-corporativo-it","category-notizie","tag-cappella","tag-cattedrale","tag-chiesa","tag-citta","tag-gotico-it","tag-graal","tag-passeggiata-culturale","tag-passeggiata-guidata","tag-rotta-guidata","tag-santo-calice","tag-santo-graal","tag-seo-it","tag-turismo-religioso-it","tag-valencia-it","tag-visita-culturale"],"acf":[],"yoast_head":"<!-- This site is optimized with the Yoast SEO plugin v26.8 - https:\/\/yoast.com\/product\/yoast-seo-wordpress\/ -->\n<title>Secondo Anno Giubilare del Santo Calice a Valencia\u00a0 - Turiart<\/title>\n<meta name=\"description\" content=\"Valencia si prepara per la seconda celebrazione dell&#039;Anno Giubilare del Santo Grial che\u00a0 inizier\u00e0 questo stesso anno, precisamente\u00a0l&#039;ultimo gioved\u00ec di\" \/>\n<meta name=\"robots\" content=\"index, follow, max-snippet:-1, max-image-preview:large, max-video-preview:-1\" \/>\n<link rel=\"canonical\" href=\"https:\/\/www.turiart.com\/it\/secondo-anno-giubilare-del-santo-calice-a-valencia\/\" \/>\n<meta property=\"og:locale\" content=\"it_IT\" \/>\n<meta property=\"og:type\" content=\"article\" \/>\n<meta property=\"og:title\" content=\"Secondo Anno Giubilare del Santo Calice a Valencia\u00a0 - Turiart\" \/>\n<meta property=\"og:description\" content=\"Valencia si prepara per la seconda celebrazione dell&#039;Anno Giubilare del Santo Grial che\u00a0 inizier\u00e0 questo stesso anno, precisamente\u00a0l&#039;ultimo gioved\u00ec di\" \/>\n<meta property=\"og:url\" content=\"https:\/\/www.turiart.com\/it\/secondo-anno-giubilare-del-santo-calice-a-valencia\/\" \/>\n<meta property=\"og:site_name\" content=\"Turiart\" \/>\n<meta property=\"article:publisher\" content=\"https:\/\/www.facebook.com\/turiartVLC\/\" \/>\n<meta property=\"article:published_time\" content=\"2022-03-02T09:07:32+00:00\" \/>\n<meta property=\"article:modified_time\" content=\"2022-03-03T10:01:43+00:00\" \/>\n<meta property=\"og:image\" content=\"https:\/\/www.turiart.com\/wp-content\/uploads\/2019\/01\/Grial-1.jpg\" \/>\n\t<meta property=\"og:image:width\" content=\"1000\" \/>\n\t<meta property=\"og:image:height\" content=\"600\" \/>\n\t<meta property=\"og:image:type\" content=\"image\/jpeg\" \/>\n<meta name=\"author\" content=\"Turiart\" \/>\n<meta name=\"twitter:label1\" content=\"Written by\" \/>\n\t<meta name=\"twitter:data1\" content=\"Turiart\" \/>\n\t<meta name=\"twitter:label2\" content=\"Est. reading time\" \/>\n\t<meta name=\"twitter:data2\" content=\"2 minutes\" \/>\n<script type=\"application\/ld+json\" class=\"yoast-schema-graph\">{\"@context\":\"https:\/\/schema.org\",\"@graph\":[{\"@type\":\"Article\",\"@id\":\"https:\/\/www.turiart.com\/it\/secondo-anno-giubilare-del-santo-calice-a-valencia\/#article\",\"isPartOf\":{\"@id\":\"https:\/\/www.turiart.com\/it\/secondo-anno-giubilare-del-santo-calice-a-valencia\/\"},\"author\":{\"name\":\"Turiart\",\"@id\":\"https:\/\/www.turiart.com\/it\/#\/schema\/person\/214345442abe1bd41afd4db03c5bfe0f\"},\"headline\":\"Secondo Anno Giubilare del Santo Calice a Valencia\u00a0\",\"datePublished\":\"2022-03-02T09:07:32+00:00\",\"dateModified\":\"2022-03-03T10:01:43+00:00\",\"mainEntityOfPage\":{\"@id\":\"https:\/\/www.turiart.com\/it\/secondo-anno-giubilare-del-santo-calice-a-valencia\/\"},\"wordCount\":439,\"commentCount\":0,\"publisher\":{\"@id\":\"https:\/\/www.turiart.com\/it\/#organization\"},\"image\":{\"@id\":\"https:\/\/www.turiart.com\/it\/secondo-anno-giubilare-del-santo-calice-a-valencia\/#primaryimage\"},\"thumbnailUrl\":\"https:\/\/www.turiart.com\/wp-content\/uploads\/2019\/01\/Grial-1.jpg\",\"keywords\":[\"cappella\",\"cattedrale\",\"chiesa\",\"citt\u00e0\",\"gotico\",\"graal\",\"passeggiata culturale\",\"passeggiata guidata\",\"rotta guidata\",\"santo calice\",\"santo graal\",\"seo\",\"turismo religioso\",\"valencia\",\"visita culturale\"],\"articleSection\":[\"Corporativo\",\"Notizie\"],\"inLanguage\":\"it-IT\",\"potentialAction\":[{\"@type\":\"CommentAction\",\"name\":\"Comment\",\"target\":[\"https:\/\/www.turiart.com\/it\/secondo-anno-giubilare-del-santo-calice-a-valencia\/#respond\"]}]},{\"@type\":\"WebPage\",\"@id\":\"https:\/\/www.turiart.com\/it\/secondo-anno-giubilare-del-santo-calice-a-valencia\/\",\"url\":\"https:\/\/www.turiart.com\/it\/secondo-anno-giubilare-del-santo-calice-a-valencia\/\",\"name\":\"Secondo Anno Giubilare del Santo Calice a Valencia\u00a0 - Turiart\",\"isPartOf\":{\"@id\":\"https:\/\/www.turiart.com\/it\/#website\"},\"primaryImageOfPage\":{\"@id\":\"https:\/\/www.turiart.com\/it\/secondo-anno-giubilare-del-santo-calice-a-valencia\/#primaryimage\"},\"image\":{\"@id\":\"https:\/\/www.turiart.com\/it\/secondo-anno-giubilare-del-santo-calice-a-valencia\/#primaryimage\"},\"thumbnailUrl\":\"https:\/\/www.turiart.com\/wp-content\/uploads\/2019\/01\/Grial-1.jpg\",\"datePublished\":\"2022-03-02T09:07:32+00:00\",\"dateModified\":\"2022-03-03T10:01:43+00:00\",\"description\":\"Valencia si prepara per la seconda celebrazione dell'Anno Giubilare del Santo Grial che\u00a0 inizier\u00e0 questo stesso anno, precisamente\u00a0l'ultimo gioved\u00ec di\",\"breadcrumb\":{\"@id\":\"https:\/\/www.turiart.com\/it\/secondo-anno-giubilare-del-santo-calice-a-valencia\/#breadcrumb\"},\"inLanguage\":\"it-IT\",\"potentialAction\":[{\"@type\":\"ReadAction\",\"target\":[\"https:\/\/www.turiart.com\/it\/secondo-anno-giubilare-del-santo-calice-a-valencia\/\"]}]},{\"@type\":\"ImageObject\",\"inLanguage\":\"it-IT\",\"@id\":\"https:\/\/www.turiart.com\/it\/secondo-anno-giubilare-del-santo-calice-a-valencia\/#primaryimage\",\"url\":\"https:\/\/www.turiart.com\/wp-content\/uploads\/2019\/01\/Grial-1.jpg\",\"contentUrl\":\"https:\/\/www.turiart.com\/wp-content\/uploads\/2019\/01\/Grial-1.jpg\",\"width\":1000,\"height\":600,\"caption\":\"Via del Graal e arte religiosa - Valencia\"},{\"@type\":\"BreadcrumbList\",\"@id\":\"https:\/\/www.turiart.com\/it\/secondo-anno-giubilare-del-santo-calice-a-valencia\/#breadcrumb\",\"itemListElement\":[{\"@type\":\"ListItem\",\"position\":1,\"name\":\"Home\",\"item\":\"https:\/\/www.turiart.com\/it\/\"},{\"@type\":\"ListItem\",\"position\":2,\"name\":\"Corporativo\",\"item\":\"https:\/\/www.turiart.com\/it\/category\/corporativo-it\/\"},{\"@type\":\"ListItem\",\"position\":3,\"name\":\"Secondo Anno Giubilare del Santo Calice a Valencia\u00a0\"}]},{\"@type\":\"WebSite\",\"@id\":\"https:\/\/www.turiart.com\/it\/#website\",\"url\":\"https:\/\/www.turiart.com\/it\/\",\"name\":\"Turiart\",\"description\":\"Visitas guiadas y servicios tur\u00edstico-culturales en Valencia\",\"publisher\":{\"@id\":\"https:\/\/www.turiart.com\/it\/#organization\"},\"potentialAction\":[{\"@type\":\"SearchAction\",\"target\":{\"@type\":\"EntryPoint\",\"urlTemplate\":\"https:\/\/www.turiart.com\/it\/?s={search_term_string}\"},\"query-input\":{\"@type\":\"PropertyValueSpecification\",\"valueRequired\":true,\"valueName\":\"search_term_string\"}}],\"inLanguage\":\"it-IT\"},{\"@type\":\"Organization\",\"@id\":\"https:\/\/www.turiart.com\/it\/#organization\",\"name\":\"Servicios Auxiliares Turiart, S.L\",\"url\":\"https:\/\/www.turiart.com\/it\/\",\"logo\":{\"@type\":\"ImageObject\",\"inLanguage\":\"it-IT\",\"@id\":\"https:\/\/www.turiart.com\/it\/#\/schema\/logo\/image\/\",\"url\":\"https:\/\/www.turiart.com\/wp-content\/uploads\/2018\/06\/logoHD-1.png\",\"contentUrl\":\"https:\/\/www.turiart.com\/wp-content\/uploads\/2018\/06\/logoHD-1.png\",\"width\":403,\"height\":209,\"caption\":\"Servicios Auxiliares Turiart, S.L\"},\"image\":{\"@id\":\"https:\/\/www.turiart.com\/it\/#\/schema\/logo\/image\/\"},\"sameAs\":[\"https:\/\/www.facebook.com\/turiartVLC\/\",\"https:\/\/x.com\/turiart\",\"https:\/\/www.instagram.com\/turiart\/\",\"https:\/\/www.linkedin.com\/company\/2726719\/admin\/\"]},{\"@type\":\"Person\",\"@id\":\"https:\/\/www.turiart.com\/it\/#\/schema\/person\/214345442abe1bd41afd4db03c5bfe0f\",\"name\":\"Turiart\"}]}<\/script>\n<!-- \/ Yoast SEO plugin. -->","yoast_head_json":{"title":"Secondo Anno Giubilare del Santo Calice a Valencia\u00a0 - Turiart","description":"Valencia si prepara per la seconda celebrazione dell'Anno Giubilare del Santo Grial che\u00a0 inizier\u00e0 questo stesso anno, precisamente\u00a0l'ultimo gioved\u00ec di","robots":{"index":"index","follow":"follow","max-snippet":"max-snippet:-1","max-image-preview":"max-image-preview:large","max-video-preview":"max-video-preview:-1"},"canonical":"https:\/\/www.turiart.com\/it\/secondo-anno-giubilare-del-santo-calice-a-valencia\/","og_locale":"it_IT","og_type":"article","og_title":"Secondo Anno Giubilare del Santo Calice a Valencia\u00a0 - Turiart","og_description":"Valencia si prepara per la seconda celebrazione dell'Anno Giubilare del Santo Grial che\u00a0 inizier\u00e0 questo stesso anno, precisamente\u00a0l'ultimo gioved\u00ec di","og_url":"https:\/\/www.turiart.com\/it\/secondo-anno-giubilare-del-santo-calice-a-valencia\/","og_site_name":"Turiart","article_publisher":"https:\/\/www.facebook.com\/turiartVLC\/","article_published_time":"2022-03-02T09:07:32+00:00","article_modified_time":"2022-03-03T10:01:43+00:00","og_image":[{"width":1000,"height":600,"url":"https:\/\/www.turiart.com\/wp-content\/uploads\/2019\/01\/Grial-1.jpg","type":"image\/jpeg"}],"author":"Turiart","twitter_misc":{"Written by":"Turiart","Est. reading time":"2 minutes"},"schema":{"@context":"https:\/\/schema.org","@graph":[{"@type":"Article","@id":"https:\/\/www.turiart.com\/it\/secondo-anno-giubilare-del-santo-calice-a-valencia\/#article","isPartOf":{"@id":"https:\/\/www.turiart.com\/it\/secondo-anno-giubilare-del-santo-calice-a-valencia\/"},"author":{"name":"Turiart","@id":"https:\/\/www.turiart.com\/it\/#\/schema\/person\/214345442abe1bd41afd4db03c5bfe0f"},"headline":"Secondo Anno Giubilare del Santo Calice a Valencia\u00a0","datePublished":"2022-03-02T09:07:32+00:00","dateModified":"2022-03-03T10:01:43+00:00","mainEntityOfPage":{"@id":"https:\/\/www.turiart.com\/it\/secondo-anno-giubilare-del-santo-calice-a-valencia\/"},"wordCount":439,"commentCount":0,"publisher":{"@id":"https:\/\/www.turiart.com\/it\/#organization"},"image":{"@id":"https:\/\/www.turiart.com\/it\/secondo-anno-giubilare-del-santo-calice-a-valencia\/#primaryimage"},"thumbnailUrl":"https:\/\/www.turiart.com\/wp-content\/uploads\/2019\/01\/Grial-1.jpg","keywords":["cappella","cattedrale","chiesa","citt\u00e0","gotico","graal","passeggiata culturale","passeggiata guidata","rotta guidata","santo calice","santo graal","seo","turismo religioso","valencia","visita culturale"],"articleSection":["Corporativo","Notizie"],"inLanguage":"it-IT","potentialAction":[{"@type":"CommentAction","name":"Comment","target":["https:\/\/www.turiart.com\/it\/secondo-anno-giubilare-del-santo-calice-a-valencia\/#respond"]}]},{"@type":"WebPage","@id":"https:\/\/www.turiart.com\/it\/secondo-anno-giubilare-del-santo-calice-a-valencia\/","url":"https:\/\/www.turiart.com\/it\/secondo-anno-giubilare-del-santo-calice-a-valencia\/","name":"Secondo Anno Giubilare del Santo Calice a Valencia\u00a0 - Turiart","isPartOf":{"@id":"https:\/\/www.turiart.com\/it\/#website"},"primaryImageOfPage":{"@id":"https:\/\/www.turiart.com\/it\/secondo-anno-giubilare-del-santo-calice-a-valencia\/#primaryimage"},"image":{"@id":"https:\/\/www.turiart.com\/it\/secondo-anno-giubilare-del-santo-calice-a-valencia\/#primaryimage"},"thumbnailUrl":"https:\/\/www.turiart.com\/wp-content\/uploads\/2019\/01\/Grial-1.jpg","datePublished":"2022-03-02T09:07:32+00:00","dateModified":"2022-03-03T10:01:43+00:00","description":"Valencia si prepara per la seconda celebrazione dell'Anno Giubilare del Santo Grial che\u00a0 inizier\u00e0 questo stesso anno, precisamente\u00a0l'ultimo gioved\u00ec di","breadcrumb":{"@id":"https:\/\/www.turiart.com\/it\/secondo-anno-giubilare-del-santo-calice-a-valencia\/#breadcrumb"},"inLanguage":"it-IT","potentialAction":[{"@type":"ReadAction","target":["https:\/\/www.turiart.com\/it\/secondo-anno-giubilare-del-santo-calice-a-valencia\/"]}]},{"@type":"ImageObject","inLanguage":"it-IT","@id":"https:\/\/www.turiart.com\/it\/secondo-anno-giubilare-del-santo-calice-a-valencia\/#primaryimage","url":"https:\/\/www.turiart.com\/wp-content\/uploads\/2019\/01\/Grial-1.jpg","contentUrl":"https:\/\/www.turiart.com\/wp-content\/uploads\/2019\/01\/Grial-1.jpg","width":1000,"height":600,"caption":"Via del Graal e arte religiosa - Valencia"},{"@type":"BreadcrumbList","@id":"https:\/\/www.turiart.com\/it\/secondo-anno-giubilare-del-santo-calice-a-valencia\/#breadcrumb","itemListElement":[{"@type":"ListItem","position":1,"name":"Home","item":"https:\/\/www.turiart.com\/it\/"},{"@type":"ListItem","position":2,"name":"Corporativo","item":"https:\/\/www.turiart.com\/it\/category\/corporativo-it\/"},{"@type":"ListItem","position":3,"name":"Secondo Anno Giubilare del Santo Calice a Valencia\u00a0"}]},{"@type":"WebSite","@id":"https:\/\/www.turiart.com\/it\/#website","url":"https:\/\/www.turiart.com\/it\/","name":"Turiart","description":"Visitas guiadas y servicios tur\u00edstico-culturales en Valencia","publisher":{"@id":"https:\/\/www.turiart.com\/it\/#organization"},"potentialAction":[{"@type":"SearchAction","target":{"@type":"EntryPoint","urlTemplate":"https:\/\/www.turiart.com\/it\/?s={search_term_string}"},"query-input":{"@type":"PropertyValueSpecification","valueRequired":true,"valueName":"search_term_string"}}],"inLanguage":"it-IT"},{"@type":"Organization","@id":"https:\/\/www.turiart.com\/it\/#organization","name":"Servicios Auxiliares Turiart, S.L","url":"https:\/\/www.turiart.com\/it\/","logo":{"@type":"ImageObject","inLanguage":"it-IT","@id":"https:\/\/www.turiart.com\/it\/#\/schema\/logo\/image\/","url":"https:\/\/www.turiart.com\/wp-content\/uploads\/2018\/06\/logoHD-1.png","contentUrl":"https:\/\/www.turiart.com\/wp-content\/uploads\/2018\/06\/logoHD-1.png","width":403,"height":209,"caption":"Servicios Auxiliares Turiart, S.L"},"image":{"@id":"https:\/\/www.turiart.com\/it\/#\/schema\/logo\/image\/"},"sameAs":["https:\/\/www.facebook.com\/turiartVLC\/","https:\/\/x.com\/turiart","https:\/\/www.instagram.com\/turiart\/","https:\/\/www.linkedin.com\/company\/2726719\/admin\/"]},{"@type":"Person","@id":"https:\/\/www.turiart.com\/it\/#\/schema\/person\/214345442abe1bd41afd4db03c5bfe0f","name":"Turiart"}]}},"_links":{"self":[{"href":"https:\/\/www.turiart.com\/it\/wp-json\/wp\/v2\/posts\/36515","targetHints":{"allow":["GET"]}}],"collection":[{"href":"https:\/\/www.turiart.com\/it\/wp-json\/wp\/v2\/posts"}],"about":[{"href":"https:\/\/www.turiart.com\/it\/wp-json\/wp\/v2\/types\/post"}],"author":[{"embeddable":true,"href":"https:\/\/www.turiart.com\/it\/wp-json\/wp\/v2\/users\/4"}],"replies":[{"embeddable":true,"href":"https:\/\/www.turiart.com\/it\/wp-json\/wp\/v2\/comments?post=36515"}],"version-history":[{"count":0,"href":"https:\/\/www.turiart.com\/it\/wp-json\/wp\/v2\/posts\/36515\/revisions"}],"wp:featuredmedia":[{"embeddable":true,"href":"https:\/\/www.turiart.com\/it\/wp-json\/wp\/v2\/media\/33748"}],"wp:attachment":[{"href":"https:\/\/www.turiart.com\/it\/wp-json\/wp\/v2\/media?parent=36515"}],"wp:term":[{"taxonomy":"category","embeddable":true,"href":"https:\/\/www.turiart.com\/it\/wp-json\/wp\/v2\/categories?post=36515"},{"taxonomy":"post_tag","embeddable":true,"href":"https:\/\/www.turiart.com\/it\/wp-json\/wp\/v2\/tags?post=36515"}],"curies":[{"name":"wp","href":"https:\/\/api.w.org\/{rel}","templated":true}]}}