{"id":36519,"date":"2022-03-02T11:37:43","date_gmt":"2022-03-02T09:37:43","guid":{"rendered":"https:\/\/www.turiart.com\/inaugurazione-del-nuovo-itinerario-la-valencia-de-los-borja\/"},"modified":"2022-03-03T11:33:11","modified_gmt":"2022-03-03T09:33:11","slug":"inaugurazione-del-nuovo-itinerario-la-valencia-de-los-borja","status":"publish","type":"post","link":"https:\/\/www.turiart.com\/it\/inaugurazione-del-nuovo-itinerario-la-valencia-de-los-borja\/","title":{"rendered":"Inaugurazione del nuovo itinerario \"La Valencia de los Borja\"\u00a0"},"content":{"rendered":"<p><b>Mercoled\u00ec 24 giugno Turiart<\/b><span style=\"font-weight: 400;\">, in memoria della morte di Lucrezia Borgia lo stesso giorno a\u00a0 Ferrara (Italia) nel 1519, l'agenzia specializzata nella dinamizzazione della cultura nel settore\u00a0 turistico inaugura il suo <\/span><b>nuovo itinerario tematico <\/b><span style=\"font-weight: 400;\">di 2 ore e mezza di durata, incentrata sulla famiglia valenciana dei Borja, o Borgia, come erano conosciuti in Italia.\u00a0<\/span><\/p>\n<p><span style=\"font-weight: 400;\">Come prodotto turistico culturale nell'ambito del programma Cultural Territorio Borgia de\u00a0 Creaturisme (Turisme Comunitat Valenciana) Turiart progetta un tour adatto a tutti i pubblici\u00a0 interessati alla storia e all'arte valenciana.\u00a0<\/span><\/p>\n<p><span style=\"font-weight: 400;\">I Borgia erano una saga familiare originaria della popolazione dello stesso nome in Aragona.\u00a0 Hanno partecipato alla <\/span><b>riconquista di Valencia <\/b><span style=\"font-weight: 400;\">e si sono stabiliti nella zona di <\/span><b>Gandia<\/b><span style=\"font-weight: 400;\">, dove\u00a0 hanno accumulato ricchezze con la coltivazione e il commercio della canna da zucchero. Sulla base di questo potere economico furono scalando posti nella societ\u00e0 della zona di influenza della Corona d'Aragona, al punto che due dei suoi membri, Alfonso e Rodrigo Borgia, giunsero a occupare il papato sotto i nomi pontifici di <\/span><b>Calisto III <\/b><span style=\"font-weight: 400;\">e <\/span><b>Alessandro VI<\/b><span style=\"font-weight: 400;\">.\u00a0<\/span><\/p>\n<p><span style=\"font-weight: 400;\">Questa concentrazione di potere suscit\u00f2 il rancore e l'invidia a Roma, che gener\u00f2 la creazione\u00a0 di una <\/span><b>leggenda nera <\/b><span style=\"font-weight: 400;\">attorno alla famiglia Borga e ai figli di Alessandro VI (il celibato non si\u00a0 impose in modo totale nella Chiesa cattolica fino al Concilio di Trento) con <\/span><b>Lucrezia <\/b><span style=\"font-weight: 400;\">e <\/span><b>Cesare Borgia<\/b><span style=\"font-weight: 400;\">.\u00a0<\/span><\/p>\n<p><span style=\"font-weight: 400;\">Tuttavia, non finisce qui la saga dei Borgia, poich\u00e9 uno dei suoi discendenti, <\/span><b>Francesco Borgia<\/b><span style=\"font-weight: 400;\">, entr\u00f2 nella Compagnia del Sacro Cuore di Ges\u00f9, i Gesuiti, dopo aver subito un grande impatto emotivo assistendo alla morte dell'<\/span><b>Imperatrice Elisabetta del Portogallo<\/b><span style=\"font-weight: 400;\">, lasciandosi alle spalle la sua fortuna e le accuse nobiliari. <\/span><\/p>\n<p><span style=\"font-weight: 400;\">Ha assunto la carica di Commissario Generale\u00a0 dell'Ordine e sua \u00e8 la <\/span><b>Basilica del Sacro Cuore di Ges\u00f9<\/b><span style=\"font-weight: 400;\">, situata nella <\/span><b>Piazza della Compagnia<\/b><span style=\"font-weight: 400;\">, a Valencia.\u00a0<\/span><\/p>\n<p><span style=\"font-weight: 400;\">Francesco di Borgia fu <\/span><b>canonizzato <\/b><span style=\"font-weight: 400;\">un secolo dopo la sua morte, il che port\u00f2 la famiglia Borgia ad adottare il motto <\/span><b>\u00abDue papi e un santo\u00bb.\u00a0<\/b><\/p>\n<p><span style=\"font-weight: 400;\">Tutta questa ricchezza e potere si \u00e8 riflessa in un <\/span><b>grande patrimonio culturale <\/b><span style=\"font-weight: 400;\">che la famiglia Borgia ha lasciato a Valencia e Gandia e che potremo goderci con il nuovo itinerario tematico che <\/span><b>Turiart <\/b><span style=\"font-weight: 400;\">inaugura il <\/span><b>24 giugno anniversario della morte di Lucrezia de Borgia<\/b><span style=\"font-weight: 400;\">. Si tratta di un percorso guidato in cui si percorrer\u00e0 l'eredit\u00e0 della famiglia Borgia e si trasporter\u00e0 il visitatore nei <\/span><b>Secoli d'Oro <\/b><span style=\"font-weight: 400;\">di Valencia per mezzo della narrazione.\u00a0<\/span><\/p>\n<p><b>La visita soddisfa tutti i requisiti di sicurezza e di salute richiesti<\/b><span style=\"font-weight: 400;\">.\u00a0<\/span><\/p>\n<p><span style=\"font-weight: 400;\">Il prezzo della visita \u00e8 di \u20ac 18 per adulti o \u20ac 15 per pensionati\/giovani in date programmate ma pu\u00f2 essere effettuato come Tour privato quando si desidera.\u00a0<\/span><\/p>\n<p><span style=\"font-weight: 400;\">Per ulteriori informazioni scrivere a info@<u>turiart.com<\/u><\/span><span style=\"font-weight: 400;\">\u00a0<\/span><span style=\"font-weight: 400;\">o per telefono a +34 657047739.<\/span><\/p>\n","protected":false},"excerpt":{"rendered":"<p>Turiart presenta un nuovo percorso culturale sull'eredit\u00e0 della famiglia Borja a Valencia<\/p>\n","protected":false},"author":5,"featured_media":32877,"comment_status":"open","ping_status":"closed","sticky":false,"template":"","format":"standard","meta":{"_acf_changed":false,"_joinchat":[],"footnotes":""},"categories":[138,140],"tags":[2640,2641,2639,2439,2553],"class_list":["post-36519","post","type-post","status-publish","format-standard","has-post-thumbnail","hentry","category-corporativo-it","category-notizie","tag-borgia-it","tag-borja-it","tag-percorso","tag-valencia-it","tag-visita-guidata"],"acf":[],"yoast_head":"<!-- This site is optimized with the Yoast SEO plugin v26.8 - https:\/\/yoast.com\/product\/yoast-seo-wordpress\/ -->\n<title>Inaugurazione del nuovo itinerario &quot;La Valencia de los Borja&quot;\u00a0 - Turiart<\/title>\n<meta name=\"description\" content=\"Turiart presenta un nuovo percorso culturale sull&#039;eredit\u00e0 della famiglia Borja a Valencia\" \/>\n<meta name=\"robots\" content=\"index, follow, max-snippet:-1, max-image-preview:large, max-video-preview:-1\" \/>\n<link rel=\"canonical\" href=\"https:\/\/www.turiart.com\/it\/inaugurazione-del-nuovo-itinerario-la-valencia-de-los-borja\/\" \/>\n<meta property=\"og:locale\" content=\"it_IT\" \/>\n<meta property=\"og:type\" content=\"article\" \/>\n<meta property=\"og:title\" content=\"Inaugurazione del nuovo itinerario &quot;La Valencia de los Borja&quot;\u00a0 - Turiart\" \/>\n<meta property=\"og:description\" content=\"Turiart presenta un nuovo percorso culturale sull&#039;eredit\u00e0 della famiglia Borja a Valencia\" \/>\n<meta property=\"og:url\" content=\"https:\/\/www.turiart.com\/it\/inaugurazione-del-nuovo-itinerario-la-valencia-de-los-borja\/\" \/>\n<meta property=\"og:site_name\" content=\"Turiart\" \/>\n<meta property=\"article:publisher\" content=\"https:\/\/www.facebook.com\/turiartVLC\/\" \/>\n<meta property=\"article:published_time\" content=\"2022-03-02T09:37:43+00:00\" \/>\n<meta property=\"article:modified_time\" content=\"2022-03-03T09:33:11+00:00\" \/>\n<meta property=\"og:image\" content=\"https:\/\/www.turiart.com\/wp-content\/uploads\/2020\/06\/IMG-20200624-WA0022-1.jpg\" \/>\n\t<meta property=\"og:image:width\" content=\"2048\" \/>\n\t<meta property=\"og:image:height\" content=\"1536\" \/>\n\t<meta property=\"og:image:type\" content=\"image\/jpeg\" \/>\n<meta name=\"author\" content=\"Info Turiart\" \/>\n<meta name=\"twitter:label1\" content=\"Written by\" \/>\n\t<meta name=\"twitter:data1\" content=\"Info Turiart\" \/>\n\t<meta name=\"twitter:label2\" content=\"Est. reading time\" \/>\n\t<meta name=\"twitter:data2\" content=\"2 minutes\" \/>\n<script type=\"application\/ld+json\" class=\"yoast-schema-graph\">{\"@context\":\"https:\/\/schema.org\",\"@graph\":[{\"@type\":\"Article\",\"@id\":\"https:\/\/www.turiart.com\/it\/inaugurazione-del-nuovo-itinerario-la-valencia-de-los-borja\/#article\",\"isPartOf\":{\"@id\":\"https:\/\/www.turiart.com\/it\/inaugurazione-del-nuovo-itinerario-la-valencia-de-los-borja\/\"},\"author\":{\"name\":\"Info Turiart\",\"@id\":\"https:\/\/www.turiart.com\/it\/#\/schema\/person\/0bc343e7e430b811bcb500e23fe9fb13\"},\"headline\":\"Inaugurazione del nuovo itinerario \\\"La Valencia de los Borja\\\"\u00a0\",\"datePublished\":\"2022-03-02T09:37:43+00:00\",\"dateModified\":\"2022-03-03T09:33:11+00:00\",\"mainEntityOfPage\":{\"@id\":\"https:\/\/www.turiart.com\/it\/inaugurazione-del-nuovo-itinerario-la-valencia-de-los-borja\/\"},\"wordCount\":453,\"commentCount\":0,\"publisher\":{\"@id\":\"https:\/\/www.turiart.com\/it\/#organization\"},\"image\":{\"@id\":\"https:\/\/www.turiart.com\/it\/inaugurazione-del-nuovo-itinerario-la-valencia-de-los-borja\/#primaryimage\"},\"thumbnailUrl\":\"https:\/\/www.turiart.com\/wp-content\/uploads\/2020\/06\/IMG-20200624-WA0022-1.jpg\",\"keywords\":[\"borgia\",\"borja\",\"percorso\",\"valencia\",\"visita guidata\"],\"articleSection\":[\"Corporativo\",\"Notizie\"],\"inLanguage\":\"it-IT\",\"potentialAction\":[{\"@type\":\"CommentAction\",\"name\":\"Comment\",\"target\":[\"https:\/\/www.turiart.com\/it\/inaugurazione-del-nuovo-itinerario-la-valencia-de-los-borja\/#respond\"]}]},{\"@type\":\"WebPage\",\"@id\":\"https:\/\/www.turiart.com\/it\/inaugurazione-del-nuovo-itinerario-la-valencia-de-los-borja\/\",\"url\":\"https:\/\/www.turiart.com\/it\/inaugurazione-del-nuovo-itinerario-la-valencia-de-los-borja\/\",\"name\":\"Inaugurazione del nuovo itinerario \\\"La Valencia de los Borja\\\"\u00a0 - Turiart\",\"isPartOf\":{\"@id\":\"https:\/\/www.turiart.com\/it\/#website\"},\"primaryImageOfPage\":{\"@id\":\"https:\/\/www.turiart.com\/it\/inaugurazione-del-nuovo-itinerario-la-valencia-de-los-borja\/#primaryimage\"},\"image\":{\"@id\":\"https:\/\/www.turiart.com\/it\/inaugurazione-del-nuovo-itinerario-la-valencia-de-los-borja\/#primaryimage\"},\"thumbnailUrl\":\"https:\/\/www.turiart.com\/wp-content\/uploads\/2020\/06\/IMG-20200624-WA0022-1.jpg\",\"datePublished\":\"2022-03-02T09:37:43+00:00\",\"dateModified\":\"2022-03-03T09:33:11+00:00\",\"description\":\"Turiart presenta un nuovo percorso culturale sull'eredit\u00e0 della famiglia Borja a Valencia\",\"breadcrumb\":{\"@id\":\"https:\/\/www.turiart.com\/it\/inaugurazione-del-nuovo-itinerario-la-valencia-de-los-borja\/#breadcrumb\"},\"inLanguage\":\"it-IT\",\"potentialAction\":[{\"@type\":\"ReadAction\",\"target\":[\"https:\/\/www.turiart.com\/it\/inaugurazione-del-nuovo-itinerario-la-valencia-de-los-borja\/\"]}]},{\"@type\":\"ImageObject\",\"inLanguage\":\"it-IT\",\"@id\":\"https:\/\/www.turiart.com\/it\/inaugurazione-del-nuovo-itinerario-la-valencia-de-los-borja\/#primaryimage\",\"url\":\"https:\/\/www.turiart.com\/wp-content\/uploads\/2020\/06\/IMG-20200624-WA0022-1.jpg\",\"contentUrl\":\"https:\/\/www.turiart.com\/wp-content\/uploads\/2020\/06\/IMG-20200624-WA0022-1.jpg\",\"width\":2048,\"height\":1536},{\"@type\":\"BreadcrumbList\",\"@id\":\"https:\/\/www.turiart.com\/it\/inaugurazione-del-nuovo-itinerario-la-valencia-de-los-borja\/#breadcrumb\",\"itemListElement\":[{\"@type\":\"ListItem\",\"position\":1,\"name\":\"Home\",\"item\":\"https:\/\/www.turiart.com\/it\/\"},{\"@type\":\"ListItem\",\"position\":2,\"name\":\"Corporativo\",\"item\":\"https:\/\/www.turiart.com\/it\/category\/corporativo-it\/\"},{\"@type\":\"ListItem\",\"position\":3,\"name\":\"Inaugurazione del nuovo itinerario \\\"La Valencia de los Borja\\\"\u00a0\"}]},{\"@type\":\"WebSite\",\"@id\":\"https:\/\/www.turiart.com\/it\/#website\",\"url\":\"https:\/\/www.turiart.com\/it\/\",\"name\":\"Turiart\",\"description\":\"Visitas guiadas y servicios tur\u00edstico-culturales en Valencia\",\"publisher\":{\"@id\":\"https:\/\/www.turiart.com\/it\/#organization\"},\"potentialAction\":[{\"@type\":\"SearchAction\",\"target\":{\"@type\":\"EntryPoint\",\"urlTemplate\":\"https:\/\/www.turiart.com\/it\/?s={search_term_string}\"},\"query-input\":{\"@type\":\"PropertyValueSpecification\",\"valueRequired\":true,\"valueName\":\"search_term_string\"}}],\"inLanguage\":\"it-IT\"},{\"@type\":\"Organization\",\"@id\":\"https:\/\/www.turiart.com\/it\/#organization\",\"name\":\"Servicios Auxiliares Turiart, S.L\",\"url\":\"https:\/\/www.turiart.com\/it\/\",\"logo\":{\"@type\":\"ImageObject\",\"inLanguage\":\"it-IT\",\"@id\":\"https:\/\/www.turiart.com\/it\/#\/schema\/logo\/image\/\",\"url\":\"https:\/\/www.turiart.com\/wp-content\/uploads\/2018\/06\/logoHD-1.png\",\"contentUrl\":\"https:\/\/www.turiart.com\/wp-content\/uploads\/2018\/06\/logoHD-1.png\",\"width\":403,\"height\":209,\"caption\":\"Servicios Auxiliares Turiart, S.L\"},\"image\":{\"@id\":\"https:\/\/www.turiart.com\/it\/#\/schema\/logo\/image\/\"},\"sameAs\":[\"https:\/\/www.facebook.com\/turiartVLC\/\",\"https:\/\/x.com\/turiart\",\"https:\/\/www.instagram.com\/turiart\/\",\"https:\/\/www.linkedin.com\/company\/2726719\/admin\/\"]},{\"@type\":\"Person\",\"@id\":\"https:\/\/www.turiart.com\/it\/#\/schema\/person\/0bc343e7e430b811bcb500e23fe9fb13\",\"name\":\"Info Turiart\"}]}<\/script>\n<!-- \/ Yoast SEO plugin. -->","yoast_head_json":{"title":"Inaugurazione del nuovo itinerario \"La Valencia de los Borja\"\u00a0 - Turiart","description":"Turiart presenta un nuovo percorso culturale sull'eredit\u00e0 della famiglia Borja a Valencia","robots":{"index":"index","follow":"follow","max-snippet":"max-snippet:-1","max-image-preview":"max-image-preview:large","max-video-preview":"max-video-preview:-1"},"canonical":"https:\/\/www.turiart.com\/it\/inaugurazione-del-nuovo-itinerario-la-valencia-de-los-borja\/","og_locale":"it_IT","og_type":"article","og_title":"Inaugurazione del nuovo itinerario \"La Valencia de los Borja\"\u00a0 - Turiart","og_description":"Turiart presenta un nuovo percorso culturale sull'eredit\u00e0 della famiglia Borja a Valencia","og_url":"https:\/\/www.turiart.com\/it\/inaugurazione-del-nuovo-itinerario-la-valencia-de-los-borja\/","og_site_name":"Turiart","article_publisher":"https:\/\/www.facebook.com\/turiartVLC\/","article_published_time":"2022-03-02T09:37:43+00:00","article_modified_time":"2022-03-03T09:33:11+00:00","og_image":[{"width":2048,"height":1536,"url":"https:\/\/www.turiart.com\/wp-content\/uploads\/2020\/06\/IMG-20200624-WA0022-1.jpg","type":"image\/jpeg"}],"author":"Info Turiart","twitter_misc":{"Written by":"Info Turiart","Est. reading time":"2 minutes"},"schema":{"@context":"https:\/\/schema.org","@graph":[{"@type":"Article","@id":"https:\/\/www.turiart.com\/it\/inaugurazione-del-nuovo-itinerario-la-valencia-de-los-borja\/#article","isPartOf":{"@id":"https:\/\/www.turiart.com\/it\/inaugurazione-del-nuovo-itinerario-la-valencia-de-los-borja\/"},"author":{"name":"Info Turiart","@id":"https:\/\/www.turiart.com\/it\/#\/schema\/person\/0bc343e7e430b811bcb500e23fe9fb13"},"headline":"Inaugurazione del nuovo itinerario \"La Valencia de los Borja\"\u00a0","datePublished":"2022-03-02T09:37:43+00:00","dateModified":"2022-03-03T09:33:11+00:00","mainEntityOfPage":{"@id":"https:\/\/www.turiart.com\/it\/inaugurazione-del-nuovo-itinerario-la-valencia-de-los-borja\/"},"wordCount":453,"commentCount":0,"publisher":{"@id":"https:\/\/www.turiart.com\/it\/#organization"},"image":{"@id":"https:\/\/www.turiart.com\/it\/inaugurazione-del-nuovo-itinerario-la-valencia-de-los-borja\/#primaryimage"},"thumbnailUrl":"https:\/\/www.turiart.com\/wp-content\/uploads\/2020\/06\/IMG-20200624-WA0022-1.jpg","keywords":["borgia","borja","percorso","valencia","visita guidata"],"articleSection":["Corporativo","Notizie"],"inLanguage":"it-IT","potentialAction":[{"@type":"CommentAction","name":"Comment","target":["https:\/\/www.turiart.com\/it\/inaugurazione-del-nuovo-itinerario-la-valencia-de-los-borja\/#respond"]}]},{"@type":"WebPage","@id":"https:\/\/www.turiart.com\/it\/inaugurazione-del-nuovo-itinerario-la-valencia-de-los-borja\/","url":"https:\/\/www.turiart.com\/it\/inaugurazione-del-nuovo-itinerario-la-valencia-de-los-borja\/","name":"Inaugurazione del nuovo itinerario \"La Valencia de los Borja\"\u00a0 - Turiart","isPartOf":{"@id":"https:\/\/www.turiart.com\/it\/#website"},"primaryImageOfPage":{"@id":"https:\/\/www.turiart.com\/it\/inaugurazione-del-nuovo-itinerario-la-valencia-de-los-borja\/#primaryimage"},"image":{"@id":"https:\/\/www.turiart.com\/it\/inaugurazione-del-nuovo-itinerario-la-valencia-de-los-borja\/#primaryimage"},"thumbnailUrl":"https:\/\/www.turiart.com\/wp-content\/uploads\/2020\/06\/IMG-20200624-WA0022-1.jpg","datePublished":"2022-03-02T09:37:43+00:00","dateModified":"2022-03-03T09:33:11+00:00","description":"Turiart presenta un nuovo percorso culturale sull'eredit\u00e0 della famiglia Borja a Valencia","breadcrumb":{"@id":"https:\/\/www.turiart.com\/it\/inaugurazione-del-nuovo-itinerario-la-valencia-de-los-borja\/#breadcrumb"},"inLanguage":"it-IT","potentialAction":[{"@type":"ReadAction","target":["https:\/\/www.turiart.com\/it\/inaugurazione-del-nuovo-itinerario-la-valencia-de-los-borja\/"]}]},{"@type":"ImageObject","inLanguage":"it-IT","@id":"https:\/\/www.turiart.com\/it\/inaugurazione-del-nuovo-itinerario-la-valencia-de-los-borja\/#primaryimage","url":"https:\/\/www.turiart.com\/wp-content\/uploads\/2020\/06\/IMG-20200624-WA0022-1.jpg","contentUrl":"https:\/\/www.turiart.com\/wp-content\/uploads\/2020\/06\/IMG-20200624-WA0022-1.jpg","width":2048,"height":1536},{"@type":"BreadcrumbList","@id":"https:\/\/www.turiart.com\/it\/inaugurazione-del-nuovo-itinerario-la-valencia-de-los-borja\/#breadcrumb","itemListElement":[{"@type":"ListItem","position":1,"name":"Home","item":"https:\/\/www.turiart.com\/it\/"},{"@type":"ListItem","position":2,"name":"Corporativo","item":"https:\/\/www.turiart.com\/it\/category\/corporativo-it\/"},{"@type":"ListItem","position":3,"name":"Inaugurazione del nuovo itinerario \"La Valencia de los Borja\"\u00a0"}]},{"@type":"WebSite","@id":"https:\/\/www.turiart.com\/it\/#website","url":"https:\/\/www.turiart.com\/it\/","name":"Turiart","description":"Visitas guiadas y servicios tur\u00edstico-culturales en Valencia","publisher":{"@id":"https:\/\/www.turiart.com\/it\/#organization"},"potentialAction":[{"@type":"SearchAction","target":{"@type":"EntryPoint","urlTemplate":"https:\/\/www.turiart.com\/it\/?s={search_term_string}"},"query-input":{"@type":"PropertyValueSpecification","valueRequired":true,"valueName":"search_term_string"}}],"inLanguage":"it-IT"},{"@type":"Organization","@id":"https:\/\/www.turiart.com\/it\/#organization","name":"Servicios Auxiliares Turiart, S.L","url":"https:\/\/www.turiart.com\/it\/","logo":{"@type":"ImageObject","inLanguage":"it-IT","@id":"https:\/\/www.turiart.com\/it\/#\/schema\/logo\/image\/","url":"https:\/\/www.turiart.com\/wp-content\/uploads\/2018\/06\/logoHD-1.png","contentUrl":"https:\/\/www.turiart.com\/wp-content\/uploads\/2018\/06\/logoHD-1.png","width":403,"height":209,"caption":"Servicios Auxiliares Turiart, S.L"},"image":{"@id":"https:\/\/www.turiart.com\/it\/#\/schema\/logo\/image\/"},"sameAs":["https:\/\/www.facebook.com\/turiartVLC\/","https:\/\/x.com\/turiart","https:\/\/www.instagram.com\/turiart\/","https:\/\/www.linkedin.com\/company\/2726719\/admin\/"]},{"@type":"Person","@id":"https:\/\/www.turiart.com\/it\/#\/schema\/person\/0bc343e7e430b811bcb500e23fe9fb13","name":"Info Turiart"}]}},"_links":{"self":[{"href":"https:\/\/www.turiart.com\/it\/wp-json\/wp\/v2\/posts\/36519","targetHints":{"allow":["GET"]}}],"collection":[{"href":"https:\/\/www.turiart.com\/it\/wp-json\/wp\/v2\/posts"}],"about":[{"href":"https:\/\/www.turiart.com\/it\/wp-json\/wp\/v2\/types\/post"}],"author":[{"embeddable":true,"href":"https:\/\/www.turiart.com\/it\/wp-json\/wp\/v2\/users\/5"}],"replies":[{"embeddable":true,"href":"https:\/\/www.turiart.com\/it\/wp-json\/wp\/v2\/comments?post=36519"}],"version-history":[{"count":0,"href":"https:\/\/www.turiart.com\/it\/wp-json\/wp\/v2\/posts\/36519\/revisions"}],"wp:featuredmedia":[{"embeddable":true,"href":"https:\/\/www.turiart.com\/it\/wp-json\/wp\/v2\/media\/32877"}],"wp:attachment":[{"href":"https:\/\/www.turiart.com\/it\/wp-json\/wp\/v2\/media?parent=36519"}],"wp:term":[{"taxonomy":"category","embeddable":true,"href":"https:\/\/www.turiart.com\/it\/wp-json\/wp\/v2\/categories?post=36519"},{"taxonomy":"post_tag","embeddable":true,"href":"https:\/\/www.turiart.com\/it\/wp-json\/wp\/v2\/tags?post=36519"}],"curies":[{"name":"wp","href":"https:\/\/api.w.org\/{rel}","templated":true}]}}