{"id":36520,"date":"2022-03-02T11:44:26","date_gmt":"2022-03-02T09:44:26","guid":{"rendered":"https:\/\/www.turiart.com\/abbiamo-iniziato-la-mediazione-culturale-alla-giornata-internazionale-dei-musei-dim2020\/"},"modified":"2022-03-02T11:44:26","modified_gmt":"2022-03-02T09:44:26","slug":"abbiamo-iniziato-la-mediazione-culturale-alla-giornata-internazionale-dei-musei-dim2020","status":"publish","type":"post","link":"https:\/\/www.turiart.com\/it\/abbiamo-iniziato-la-mediazione-culturale-alla-giornata-internazionale-dei-musei-dim2020\/","title":{"rendered":"Abbiamo iniziato la Mediazione Culturale alla Giornata Internazionale dei\u00a0Musei #DIM2020\u00a0"},"content":{"rendered":"<p><img decoding=\"async\" src=\"https:\/\/www.turiart.com\/wp-content\/uploads\/2020\/05\/mediadores_1-1024x1024.jpeg\" \/><\/p>\n<p><b>Nella Giornata Internazionale dei Musei (DIM2020) #Museosxigualdad, Turiart inizia la\u00a0 mediazione culturale nei musei della Generalitat Valenciana de Sagunto ed El Puig <\/b><span style=\"font-weight: 400;\">(rispettivamente nel Museo Archeologico e nel Museo Epigrafico di Sagunto, nonch\u00e9 nel\u00a0 Museo della Stampa di El Puig).\u00a0<\/span><\/p>\n<p><span style=\"font-weight: 400;\">Turiart, avanza durante l\u2019attenuazione del COVID-19 celebrando il passaggio alla Fase 1 luned\u00ec\u00a0 <\/span><b>18 maggio, giorno che il Consiglio Internazionale dei Musei (ICOM) celebra come Giornata\u00a0 Internazionale dei Musei<\/b><span style=\"font-weight: 400;\">, svolgendo le sue attivit\u00e0 di mediazione culturale in vari musei della\u00a0 provincia di Valencia.\u00a0<\/span><\/p>\n<p><span style=\"font-weight: 400;\">Quest'anno, inoltre, Turiart al #DIM2020, sotto il <\/span><b><span style=\"color: #0000ff;\">Motto dei Musei per l'Uguaglianza:\u00a0 Diversit\u00e0 e Inclusione<\/span><\/b><span style=\"font-weight: 400;\">, <\/span><span style=\"color: #800000;\"><b>rivendica l'Uguaglianza della dignit\u00e0 di tutte le persone del mondo\u00a0 sottolineando l'importanza della diversit\u00e0 e la ricchezza che l'interculturalit\u00e0 apporta a ogni\u00a0 societ\u00e0. Essere diversi \u00e8 l'opposto di essere identici, ma non significa che siamo tutti uguali.\u00a0 \u00c8 importante potenziare e valorizzare la diversit\u00e0 a condizione che non danneggi la dignit\u00e0\u00a0 di nessun essere umano. I musei saranno sempre strumenti e canali di diffusione culturale.\u00a0<\/b><\/span><\/p>\n<p><span style=\"font-weight: 400;\">Turiart ha iniziato nel 2016 ad ampliare i servizi di Turismo Culturale offrendo la mediazione\u00a0 culturale in spazi emblematici. Abbiamo iniziato avviando le visite guidate nella <a href=\"http:\/\/www.visitavirtualsannicolasvalencia.com\/\"><strong>Chiesa di<\/strong> <\/a><\/span><a href=\"http:\/\/www.visitavirtualsannicolasvalencia.com\/\"><b>San\u00a0 Nicol\u00e1s <\/b><\/a><span style=\"font-weight: 400;\">recentemente restaurata e denominata Cappella Sistina di Valencia per la qualit\u00e0 dei suoi dipinti all'affresco. In seguito, con i nostri mediatori culturali abbiamo inaugurato l'inaugurazione delle visite al <\/span><b>Colegio del Arte Mayor de la Seda di Valencia <\/b><span style=\"font-weight: 400;\">nel quartiere di\u00a0 Velluters dove si trova la sede di Turiart e in piena <a href=\"https:\/\/ruta-seda.comunitatvalenciana.com\/ruta-seda\">Ruta de la seda<\/a><\/span>\u00a0<span style=\"font-weight: 400;\">a Valencia.\u00a0<\/span><\/p>\n<p><span style=\"font-weight: 400;\">Dopo aver vinto il concorso pubblico della Direzione Generale del Patrimonio e dei Musei\u00a0 della Generalitat Valenciana nello stesso anno, abbiamo iniziato a fornire il <\/span><b>Servizio di\u00a0 mediazione culturale <\/b><span style=\"font-weight: 400;\">diretto ai visitatori del <\/span><b>Museo Hist\u00f3rico de Sagunto, l'Anticuario del\u00a0 Castillo e il Museo de la Imprenta del Real Monasterio de Santa Mar\u00eda del Puig<\/b><span style=\"font-weight: 400;\">.\u00a0<\/span><\/p>\n<p><span style=\"font-weight: 400;\">In numerose occasioni ha offerto i servizi di mediazione culturale in numerosi monumenti\u00a0 (pubblici e privati) della Comunit\u00e0 e ha sempre accolto i visitatori per diffondere il Patrimonio\u00a0 artistico e storico valenciano.\u00a0<\/span><\/p>\n<p><span style=\"color: #800080;\"><b>VI ASPETTIAMO L\u00c0 DOVE CI INCONTRIAMO COME MEDIATORI E AMBASCIATORI!!<\/b><\/span><\/p>\n","protected":false},"excerpt":{"rendered":"<p>Nella Giornata Internazionale dei Musei (DIM2020) #Museosxigualdad, Turiart inizia la\u00a0 mediazione culturale nei musei della Generalitat Valenciana de Sagunto ed El Puig (rispettivamente nel Museo Archeologico e nel Museo Epigrafico di Sagunto, nonch\u00e9 nel\u00a0 Museo della Stampa di El Puig).\u00a0 Turiart, avanza durante l\u2019attenuazione del COVID-19 celebrando il passaggio alla Fase 1 luned\u00ec\u00a0 18 maggio, [&hellip;]<\/p>\n","protected":false},"author":5,"featured_media":32600,"comment_status":"open","ping_status":"closed","sticky":false,"template":"","format":"standard","meta":{"_acf_changed":false,"_joinchat":[],"footnotes":""},"categories":[140],"tags":[2642,2644,2645,2643],"class_list":["post-36520","post","type-post","status-publish","format-standard","has-post-thumbnail","hentry","category-notizie","tag-mediatore-culturale","tag-mediazione","tag-monumenti","tag-musei"],"acf":[],"yoast_head":"<!-- This site is optimized with the Yoast SEO plugin v26.8 - https:\/\/yoast.com\/product\/yoast-seo-wordpress\/ -->\n<title>Abbiamo iniziato la Mediazione Culturale alla Giornata Internazionale dei\u00a0Musei #DIM2020\u00a0 - Turiart<\/title>\n<meta name=\"description\" content=\"Nella Giornata Internazionale dei Musei (DIM2020) #Museosxigualdad, Turiart inizia la\u00a0 mediazione culturale nei musei della Generalitat Valenciana de\" \/>\n<meta name=\"robots\" content=\"index, follow, max-snippet:-1, max-image-preview:large, max-video-preview:-1\" \/>\n<link rel=\"canonical\" href=\"https:\/\/www.turiart.com\/it\/abbiamo-iniziato-la-mediazione-culturale-alla-giornata-internazionale-dei-musei-dim2020\/\" \/>\n<meta property=\"og:locale\" content=\"it_IT\" \/>\n<meta property=\"og:type\" content=\"article\" \/>\n<meta property=\"og:title\" content=\"Abbiamo iniziato la Mediazione Culturale alla Giornata Internazionale dei\u00a0Musei #DIM2020\u00a0 - Turiart\" \/>\n<meta property=\"og:description\" content=\"Nella Giornata Internazionale dei Musei (DIM2020) #Museosxigualdad, Turiart inizia la\u00a0 mediazione culturale nei musei della Generalitat Valenciana de\" \/>\n<meta property=\"og:url\" content=\"https:\/\/www.turiart.com\/it\/abbiamo-iniziato-la-mediazione-culturale-alla-giornata-internazionale-dei-musei-dim2020\/\" \/>\n<meta property=\"og:site_name\" content=\"Turiart\" \/>\n<meta property=\"article:publisher\" content=\"https:\/\/www.facebook.com\/turiartVLC\/\" \/>\n<meta property=\"article:published_time\" content=\"2022-03-02T09:44:26+00:00\" \/>\n<meta property=\"og:image\" content=\"https:\/\/www.turiart.com\/wp-content\/uploads\/2020\/05\/mediadores_2.jpeg\" \/>\n\t<meta property=\"og:image:width\" content=\"1600\" \/>\n\t<meta property=\"og:image:height\" content=\"1200\" \/>\n\t<meta property=\"og:image:type\" content=\"image\/jpeg\" \/>\n<meta name=\"author\" content=\"Info Turiart\" \/>\n<meta name=\"twitter:label1\" content=\"Written by\" \/>\n\t<meta name=\"twitter:data1\" content=\"Info Turiart\" \/>\n\t<meta name=\"twitter:label2\" content=\"Est. reading time\" \/>\n\t<meta name=\"twitter:data2\" content=\"2 minutes\" \/>\n<script type=\"application\/ld+json\" class=\"yoast-schema-graph\">{\"@context\":\"https:\/\/schema.org\",\"@graph\":[{\"@type\":\"Article\",\"@id\":\"https:\/\/www.turiart.com\/it\/abbiamo-iniziato-la-mediazione-culturale-alla-giornata-internazionale-dei-musei-dim2020\/#article\",\"isPartOf\":{\"@id\":\"https:\/\/www.turiart.com\/it\/abbiamo-iniziato-la-mediazione-culturale-alla-giornata-internazionale-dei-musei-dim2020\/\"},\"author\":{\"name\":\"Info Turiart\",\"@id\":\"https:\/\/www.turiart.com\/it\/#\/schema\/person\/0bc343e7e430b811bcb500e23fe9fb13\"},\"headline\":\"Abbiamo iniziato la Mediazione Culturale alla Giornata Internazionale dei\u00a0Musei #DIM2020\u00a0\",\"datePublished\":\"2022-03-02T09:44:26+00:00\",\"mainEntityOfPage\":{\"@id\":\"https:\/\/www.turiart.com\/it\/abbiamo-iniziato-la-mediazione-culturale-alla-giornata-internazionale-dei-musei-dim2020\/\"},\"wordCount\":365,\"commentCount\":0,\"publisher\":{\"@id\":\"https:\/\/www.turiart.com\/it\/#organization\"},\"image\":{\"@id\":\"https:\/\/www.turiart.com\/it\/abbiamo-iniziato-la-mediazione-culturale-alla-giornata-internazionale-dei-musei-dim2020\/#primaryimage\"},\"thumbnailUrl\":\"https:\/\/www.turiart.com\/wp-content\/uploads\/2020\/05\/mediadores_2.jpeg\",\"keywords\":[\"mediatore culturale\",\"mediazione\",\"monumenti\",\"musei\"],\"articleSection\":[\"Notizie\"],\"inLanguage\":\"it-IT\",\"potentialAction\":[{\"@type\":\"CommentAction\",\"name\":\"Comment\",\"target\":[\"https:\/\/www.turiart.com\/it\/abbiamo-iniziato-la-mediazione-culturale-alla-giornata-internazionale-dei-musei-dim2020\/#respond\"]}]},{\"@type\":\"WebPage\",\"@id\":\"https:\/\/www.turiart.com\/it\/abbiamo-iniziato-la-mediazione-culturale-alla-giornata-internazionale-dei-musei-dim2020\/\",\"url\":\"https:\/\/www.turiart.com\/it\/abbiamo-iniziato-la-mediazione-culturale-alla-giornata-internazionale-dei-musei-dim2020\/\",\"name\":\"Abbiamo iniziato la Mediazione Culturale alla Giornata Internazionale dei\u00a0Musei #DIM2020\u00a0 - Turiart\",\"isPartOf\":{\"@id\":\"https:\/\/www.turiart.com\/it\/#website\"},\"primaryImageOfPage\":{\"@id\":\"https:\/\/www.turiart.com\/it\/abbiamo-iniziato-la-mediazione-culturale-alla-giornata-internazionale-dei-musei-dim2020\/#primaryimage\"},\"image\":{\"@id\":\"https:\/\/www.turiart.com\/it\/abbiamo-iniziato-la-mediazione-culturale-alla-giornata-internazionale-dei-musei-dim2020\/#primaryimage\"},\"thumbnailUrl\":\"https:\/\/www.turiart.com\/wp-content\/uploads\/2020\/05\/mediadores_2.jpeg\",\"datePublished\":\"2022-03-02T09:44:26+00:00\",\"description\":\"Nella Giornata Internazionale dei Musei (DIM2020) #Museosxigualdad, Turiart inizia la\u00a0 mediazione culturale nei musei della Generalitat Valenciana de\",\"breadcrumb\":{\"@id\":\"https:\/\/www.turiart.com\/it\/abbiamo-iniziato-la-mediazione-culturale-alla-giornata-internazionale-dei-musei-dim2020\/#breadcrumb\"},\"inLanguage\":\"it-IT\",\"potentialAction\":[{\"@type\":\"ReadAction\",\"target\":[\"https:\/\/www.turiart.com\/it\/abbiamo-iniziato-la-mediazione-culturale-alla-giornata-internazionale-dei-musei-dim2020\/\"]}]},{\"@type\":\"ImageObject\",\"inLanguage\":\"it-IT\",\"@id\":\"https:\/\/www.turiart.com\/it\/abbiamo-iniziato-la-mediazione-culturale-alla-giornata-internazionale-dei-musei-dim2020\/#primaryimage\",\"url\":\"https:\/\/www.turiart.com\/wp-content\/uploads\/2020\/05\/mediadores_2.jpeg\",\"contentUrl\":\"https:\/\/www.turiart.com\/wp-content\/uploads\/2020\/05\/mediadores_2.jpeg\",\"width\":1600,\"height\":1200},{\"@type\":\"BreadcrumbList\",\"@id\":\"https:\/\/www.turiart.com\/it\/abbiamo-iniziato-la-mediazione-culturale-alla-giornata-internazionale-dei-musei-dim2020\/#breadcrumb\",\"itemListElement\":[{\"@type\":\"ListItem\",\"position\":1,\"name\":\"Home\",\"item\":\"https:\/\/www.turiart.com\/it\/\"},{\"@type\":\"ListItem\",\"position\":2,\"name\":\"Notizie\",\"item\":\"https:\/\/www.turiart.com\/it\/category\/notizie\/\"},{\"@type\":\"ListItem\",\"position\":3,\"name\":\"Abbiamo iniziato la Mediazione Culturale alla Giornata Internazionale dei\u00a0Musei #DIM2020\u00a0\"}]},{\"@type\":\"WebSite\",\"@id\":\"https:\/\/www.turiart.com\/it\/#website\",\"url\":\"https:\/\/www.turiart.com\/it\/\",\"name\":\"Turiart\",\"description\":\"Visitas guiadas y servicios tur\u00edstico-culturales en Valencia\",\"publisher\":{\"@id\":\"https:\/\/www.turiart.com\/it\/#organization\"},\"potentialAction\":[{\"@type\":\"SearchAction\",\"target\":{\"@type\":\"EntryPoint\",\"urlTemplate\":\"https:\/\/www.turiart.com\/it\/?s={search_term_string}\"},\"query-input\":{\"@type\":\"PropertyValueSpecification\",\"valueRequired\":true,\"valueName\":\"search_term_string\"}}],\"inLanguage\":\"it-IT\"},{\"@type\":\"Organization\",\"@id\":\"https:\/\/www.turiart.com\/it\/#organization\",\"name\":\"Servicios Auxiliares Turiart, S.L\",\"url\":\"https:\/\/www.turiart.com\/it\/\",\"logo\":{\"@type\":\"ImageObject\",\"inLanguage\":\"it-IT\",\"@id\":\"https:\/\/www.turiart.com\/it\/#\/schema\/logo\/image\/\",\"url\":\"https:\/\/www.turiart.com\/wp-content\/uploads\/2018\/06\/logoHD-1.png\",\"contentUrl\":\"https:\/\/www.turiart.com\/wp-content\/uploads\/2018\/06\/logoHD-1.png\",\"width\":403,\"height\":209,\"caption\":\"Servicios Auxiliares Turiart, S.L\"},\"image\":{\"@id\":\"https:\/\/www.turiart.com\/it\/#\/schema\/logo\/image\/\"},\"sameAs\":[\"https:\/\/www.facebook.com\/turiartVLC\/\",\"https:\/\/x.com\/turiart\",\"https:\/\/www.instagram.com\/turiart\/\",\"https:\/\/www.linkedin.com\/company\/2726719\/admin\/\"]},{\"@type\":\"Person\",\"@id\":\"https:\/\/www.turiart.com\/it\/#\/schema\/person\/0bc343e7e430b811bcb500e23fe9fb13\",\"name\":\"Info Turiart\"}]}<\/script>\n<!-- \/ Yoast SEO plugin. -->","yoast_head_json":{"title":"Abbiamo iniziato la Mediazione Culturale alla Giornata Internazionale dei\u00a0Musei #DIM2020\u00a0 - Turiart","description":"Nella Giornata Internazionale dei Musei (DIM2020) #Museosxigualdad, Turiart inizia la\u00a0 mediazione culturale nei musei della Generalitat Valenciana de","robots":{"index":"index","follow":"follow","max-snippet":"max-snippet:-1","max-image-preview":"max-image-preview:large","max-video-preview":"max-video-preview:-1"},"canonical":"https:\/\/www.turiart.com\/it\/abbiamo-iniziato-la-mediazione-culturale-alla-giornata-internazionale-dei-musei-dim2020\/","og_locale":"it_IT","og_type":"article","og_title":"Abbiamo iniziato la Mediazione Culturale alla Giornata Internazionale dei\u00a0Musei #DIM2020\u00a0 - Turiart","og_description":"Nella Giornata Internazionale dei Musei (DIM2020) #Museosxigualdad, Turiart inizia la\u00a0 mediazione culturale nei musei della Generalitat Valenciana de","og_url":"https:\/\/www.turiart.com\/it\/abbiamo-iniziato-la-mediazione-culturale-alla-giornata-internazionale-dei-musei-dim2020\/","og_site_name":"Turiart","article_publisher":"https:\/\/www.facebook.com\/turiartVLC\/","article_published_time":"2022-03-02T09:44:26+00:00","og_image":[{"width":1600,"height":1200,"url":"https:\/\/www.turiart.com\/wp-content\/uploads\/2020\/05\/mediadores_2.jpeg","type":"image\/jpeg"}],"author":"Info Turiart","twitter_misc":{"Written by":"Info Turiart","Est. reading time":"2 minutes"},"schema":{"@context":"https:\/\/schema.org","@graph":[{"@type":"Article","@id":"https:\/\/www.turiart.com\/it\/abbiamo-iniziato-la-mediazione-culturale-alla-giornata-internazionale-dei-musei-dim2020\/#article","isPartOf":{"@id":"https:\/\/www.turiart.com\/it\/abbiamo-iniziato-la-mediazione-culturale-alla-giornata-internazionale-dei-musei-dim2020\/"},"author":{"name":"Info Turiart","@id":"https:\/\/www.turiart.com\/it\/#\/schema\/person\/0bc343e7e430b811bcb500e23fe9fb13"},"headline":"Abbiamo iniziato la Mediazione Culturale alla Giornata Internazionale dei\u00a0Musei #DIM2020\u00a0","datePublished":"2022-03-02T09:44:26+00:00","mainEntityOfPage":{"@id":"https:\/\/www.turiart.com\/it\/abbiamo-iniziato-la-mediazione-culturale-alla-giornata-internazionale-dei-musei-dim2020\/"},"wordCount":365,"commentCount":0,"publisher":{"@id":"https:\/\/www.turiart.com\/it\/#organization"},"image":{"@id":"https:\/\/www.turiart.com\/it\/abbiamo-iniziato-la-mediazione-culturale-alla-giornata-internazionale-dei-musei-dim2020\/#primaryimage"},"thumbnailUrl":"https:\/\/www.turiart.com\/wp-content\/uploads\/2020\/05\/mediadores_2.jpeg","keywords":["mediatore culturale","mediazione","monumenti","musei"],"articleSection":["Notizie"],"inLanguage":"it-IT","potentialAction":[{"@type":"CommentAction","name":"Comment","target":["https:\/\/www.turiart.com\/it\/abbiamo-iniziato-la-mediazione-culturale-alla-giornata-internazionale-dei-musei-dim2020\/#respond"]}]},{"@type":"WebPage","@id":"https:\/\/www.turiart.com\/it\/abbiamo-iniziato-la-mediazione-culturale-alla-giornata-internazionale-dei-musei-dim2020\/","url":"https:\/\/www.turiart.com\/it\/abbiamo-iniziato-la-mediazione-culturale-alla-giornata-internazionale-dei-musei-dim2020\/","name":"Abbiamo iniziato la Mediazione Culturale alla Giornata Internazionale dei\u00a0Musei #DIM2020\u00a0 - Turiart","isPartOf":{"@id":"https:\/\/www.turiart.com\/it\/#website"},"primaryImageOfPage":{"@id":"https:\/\/www.turiart.com\/it\/abbiamo-iniziato-la-mediazione-culturale-alla-giornata-internazionale-dei-musei-dim2020\/#primaryimage"},"image":{"@id":"https:\/\/www.turiart.com\/it\/abbiamo-iniziato-la-mediazione-culturale-alla-giornata-internazionale-dei-musei-dim2020\/#primaryimage"},"thumbnailUrl":"https:\/\/www.turiart.com\/wp-content\/uploads\/2020\/05\/mediadores_2.jpeg","datePublished":"2022-03-02T09:44:26+00:00","description":"Nella Giornata Internazionale dei Musei (DIM2020) #Museosxigualdad, Turiart inizia la\u00a0 mediazione culturale nei musei della Generalitat Valenciana de","breadcrumb":{"@id":"https:\/\/www.turiart.com\/it\/abbiamo-iniziato-la-mediazione-culturale-alla-giornata-internazionale-dei-musei-dim2020\/#breadcrumb"},"inLanguage":"it-IT","potentialAction":[{"@type":"ReadAction","target":["https:\/\/www.turiart.com\/it\/abbiamo-iniziato-la-mediazione-culturale-alla-giornata-internazionale-dei-musei-dim2020\/"]}]},{"@type":"ImageObject","inLanguage":"it-IT","@id":"https:\/\/www.turiart.com\/it\/abbiamo-iniziato-la-mediazione-culturale-alla-giornata-internazionale-dei-musei-dim2020\/#primaryimage","url":"https:\/\/www.turiart.com\/wp-content\/uploads\/2020\/05\/mediadores_2.jpeg","contentUrl":"https:\/\/www.turiart.com\/wp-content\/uploads\/2020\/05\/mediadores_2.jpeg","width":1600,"height":1200},{"@type":"BreadcrumbList","@id":"https:\/\/www.turiart.com\/it\/abbiamo-iniziato-la-mediazione-culturale-alla-giornata-internazionale-dei-musei-dim2020\/#breadcrumb","itemListElement":[{"@type":"ListItem","position":1,"name":"Home","item":"https:\/\/www.turiart.com\/it\/"},{"@type":"ListItem","position":2,"name":"Notizie","item":"https:\/\/www.turiart.com\/it\/category\/notizie\/"},{"@type":"ListItem","position":3,"name":"Abbiamo iniziato la Mediazione Culturale alla Giornata Internazionale dei\u00a0Musei #DIM2020\u00a0"}]},{"@type":"WebSite","@id":"https:\/\/www.turiart.com\/it\/#website","url":"https:\/\/www.turiart.com\/it\/","name":"Turiart","description":"Visitas guiadas y servicios tur\u00edstico-culturales en Valencia","publisher":{"@id":"https:\/\/www.turiart.com\/it\/#organization"},"potentialAction":[{"@type":"SearchAction","target":{"@type":"EntryPoint","urlTemplate":"https:\/\/www.turiart.com\/it\/?s={search_term_string}"},"query-input":{"@type":"PropertyValueSpecification","valueRequired":true,"valueName":"search_term_string"}}],"inLanguage":"it-IT"},{"@type":"Organization","@id":"https:\/\/www.turiart.com\/it\/#organization","name":"Servicios Auxiliares Turiart, S.L","url":"https:\/\/www.turiart.com\/it\/","logo":{"@type":"ImageObject","inLanguage":"it-IT","@id":"https:\/\/www.turiart.com\/it\/#\/schema\/logo\/image\/","url":"https:\/\/www.turiart.com\/wp-content\/uploads\/2018\/06\/logoHD-1.png","contentUrl":"https:\/\/www.turiart.com\/wp-content\/uploads\/2018\/06\/logoHD-1.png","width":403,"height":209,"caption":"Servicios Auxiliares Turiart, S.L"},"image":{"@id":"https:\/\/www.turiart.com\/it\/#\/schema\/logo\/image\/"},"sameAs":["https:\/\/www.facebook.com\/turiartVLC\/","https:\/\/x.com\/turiart","https:\/\/www.instagram.com\/turiart\/","https:\/\/www.linkedin.com\/company\/2726719\/admin\/"]},{"@type":"Person","@id":"https:\/\/www.turiart.com\/it\/#\/schema\/person\/0bc343e7e430b811bcb500e23fe9fb13","name":"Info Turiart"}]}},"_links":{"self":[{"href":"https:\/\/www.turiart.com\/it\/wp-json\/wp\/v2\/posts\/36520","targetHints":{"allow":["GET"]}}],"collection":[{"href":"https:\/\/www.turiart.com\/it\/wp-json\/wp\/v2\/posts"}],"about":[{"href":"https:\/\/www.turiart.com\/it\/wp-json\/wp\/v2\/types\/post"}],"author":[{"embeddable":true,"href":"https:\/\/www.turiart.com\/it\/wp-json\/wp\/v2\/users\/5"}],"replies":[{"embeddable":true,"href":"https:\/\/www.turiart.com\/it\/wp-json\/wp\/v2\/comments?post=36520"}],"version-history":[{"count":0,"href":"https:\/\/www.turiart.com\/it\/wp-json\/wp\/v2\/posts\/36520\/revisions"}],"wp:featuredmedia":[{"embeddable":true,"href":"https:\/\/www.turiart.com\/it\/wp-json\/wp\/v2\/media\/32600"}],"wp:attachment":[{"href":"https:\/\/www.turiart.com\/it\/wp-json\/wp\/v2\/media?parent=36520"}],"wp:term":[{"taxonomy":"category","embeddable":true,"href":"https:\/\/www.turiart.com\/it\/wp-json\/wp\/v2\/categories?post=36520"},{"taxonomy":"post_tag","embeddable":true,"href":"https:\/\/www.turiart.com\/it\/wp-json\/wp\/v2\/tags?post=36520"}],"curies":[{"name":"wp","href":"https:\/\/api.w.org\/{rel}","templated":true}]}}