{"id":36529,"date":"2022-03-02T12:44:09","date_gmt":"2022-03-02T10:44:09","guid":{"rendered":"https:\/\/www.turiart.com\/accordo-di-collaborazione-tra-capella-de-ministrers-e-turiart\/"},"modified":"2022-03-03T10:27:44","modified_gmt":"2022-03-03T08:27:44","slug":"accordo-di-collaborazione-tra-capella-de-ministrers-e-turiart","status":"publish","type":"post","link":"https:\/\/www.turiart.com\/it\/accordo-di-collaborazione-tra-capella-de-ministrers-e-turiart\/","title":{"rendered":"Accordo di collaborazione tra Capella de Ministrers e Turiart\u00a0"},"content":{"rendered":"<p><span style=\"font-weight: 400;\">Lo scorso 29 aprile del 2021 \u00e8 stato firmato un accordo di collaborazione tra il Sign. <\/span><b>Ximo\u00a0 Calvo<\/b><span style=\"font-weight: 400;\">, rappresentante di <\/span><a href=\"https:\/\/capelladeministrers.com\/es\/\"><b>Capella Ministrers<\/b><\/a><span style=\"font-weight: 400;\">, entit\u00e0 dedicata alla promozione e diffusione\u00a0 della musica medievale, e la Sig.ra <\/span><b>Marta Templado<\/b><span style=\"font-weight: 400;\">, rappresentante di <\/span><b>Turiart<\/b><span style=\"font-weight: 400;\">, entit\u00e0\u00a0 dedicata alla promozione e commercializzazione di prodotti turistico-culturali della\u00a0 <\/span><b>Comunitat Valenciana<\/b><span style=\"font-weight: 400;\">, per il quale si \u00e8 concluso un accordo di collaborazione con l\u2019obiettivo\u00a0 di stabilire linee di cooperazione reciproche.\u00a0\u00a0<\/span><\/p>\n<p><span style=\"font-weight: 400;\">Con l\u2019obiettivo di promuovere la musica dell\u2019epoca medievale della Comunitat Valenciana, si\u00a0 stanno realizzando varie azioni nel settore turistico-culturale, attraverso la diffusione di una\u00a0 visita guidata insieme alla realizzazione di un concerto nella localit\u00e0 di <\/span><b>Ayora<\/b><span style=\"font-weight: 400;\">, che \u00e8 avvenuto\u00a0 lo scorso venerd\u00ec 28 maggio 2021. D\u2019altra parte,si sono svolti colloqui con gli artisti del <\/span><b>gruppo Capella Ministrers <\/b><span style=\"font-weight: 400;\">che facevano seguito alla celebrazione di concerti di musica medievale\u00a0 nella chiesa di <\/span><b>San Juan del Hospital <\/b><span style=\"font-weight: 400;\">a Valencia nei giorni gioved\u00ec 17, venerd\u00ec 18 e sabato 19\u00a0 giugno.\u00a0\u00a0<\/span><\/p>\n<p><span style=\"font-weight: 400;\">In pi\u00f9 dal 16 sino al 22 luglio, si \u00e8 sviluppato anche il <\/span><b>festival internacional de m\u00fasica medieval\u00a0 y renacentista <\/b><span style=\"font-weight: 400;\">nella localit\u00e0 di <\/span><b>Morella <\/b><span style=\"font-weight: 400;\">(Castell\u00f3n).\u00a0<\/span><span style=\"font-weight: 400;\">Adesso sono in corso in concerti di musica nel <\/span><b>monasterio de Sant Jeroni de Cotalba<\/b><span style=\"font-weight: 400;\">. La prima\u00a0 data di questa edizione si \u00e8 realizzata lo scorso venerd\u00ec 23 luglio; ci sar\u00e0 ancora occasione per\u00a0 godersi questo evento nelle seguenti date: sabato 7 agosto, venerd\u00ec 20 agosto e domenica 21\u00a0 novembre (consultare gli orari <\/span><a href=\"https:\/\/www.turiart.com\/catalogo-de-productos\/proximas-rutas\/visita-conciertos-monasterio-cotalba\/\"><span style=\"font-weight: 400;\">qui sul nostro sito web<\/span><\/a><span style=\"font-weight: 400;\">).\u00a0<\/span><span style=\"font-weight: 400;\">In questo modo si incoraggia il lavoro congiunto delle due entit\u00e0 da e per la sostenibilit\u00e0, attraverso la ricerca di sinergie e collaborazioni reciproche per il futuro.\u00a0<\/span><\/p>\n<p><span style=\"font-weight: 400;\">Per tutto questo \u00e8 stata concordata la ricerca di contenuti interessanti e luoghi appropriati\u00a0 collegati al <\/span><b>patrimonio storico-artistico <\/b><span style=\"font-weight: 400;\">della <\/span><b>Comunitat Valenciana<\/b><span style=\"font-weight: 400;\">, come la diffusione e la\u00a0 commercializzazione delle attivit\u00e0 organizzate in comune, con il proposito di portarle avanti\u00a0 assumendo in parti uguali l\u2019interesse e la responsabilit\u00e0.<\/span><\/p>\n","protected":false},"excerpt":{"rendered":"<p>Lo scorso 29 aprile del 2021 \u00e8 stato firmato un accordo di collaborazione tra il Sign. Ximo\u00a0 Calvo, rappresentante di Capella Ministrers, entit\u00e0 dedicata alla promozione e diffusione\u00a0 della musica medievale, e la Sig.ra Marta Templado, rappresentante di Turiart, entit\u00e0\u00a0 dedicata alla promozione e commercializzazione di prodotti turistico-culturali della\u00a0 Comunitat Valenciana, per il quale si [&hellip;]<\/p>\n","protected":false},"author":4,"featured_media":35957,"comment_status":"open","ping_status":"closed","sticky":false,"template":"","format":"standard","meta":{"_acf_changed":false,"_joinchat":[],"footnotes":""},"categories":[138,140],"tags":[2511,2682,2681,2442,2679,2680,2440,2439],"class_list":["post-36529","post","type-post","status-publish","format-standard","has-post-thumbnail","hentry","category-corporativo-it","category-notizie","tag-arte-it","tag-capella-de-ministrers-it","tag-collaborazione","tag-cultura-it","tag-musica-it","tag-musica-medievale","tag-turiart-it","tag-valencia-it"],"acf":[],"yoast_head":"<!-- This site is optimized with the Yoast SEO plugin v26.8 - https:\/\/yoast.com\/product\/yoast-seo-wordpress\/ -->\n<title>Accordo di collaborazione tra Capella de Ministrers e Turiart\u00a0 - Turiart<\/title>\n<meta name=\"description\" content=\"Lo scorso 29 aprile del 2021 \u00e8 stato firmato un accordo di collaborazione tra il Sign. Ximo\u00a0 Calvo, rappresentante di Capella Ministrers, entit\u00e0 dedicata\" \/>\n<meta name=\"robots\" content=\"index, follow, max-snippet:-1, max-image-preview:large, max-video-preview:-1\" \/>\n<link rel=\"canonical\" href=\"https:\/\/www.turiart.com\/it\/accordo-di-collaborazione-tra-capella-de-ministrers-e-turiart\/\" \/>\n<meta property=\"og:locale\" content=\"it_IT\" \/>\n<meta property=\"og:type\" content=\"article\" \/>\n<meta property=\"og:title\" content=\"Accordo di collaborazione tra Capella de Ministrers e Turiart\u00a0 - Turiart\" \/>\n<meta property=\"og:description\" content=\"Lo scorso 29 aprile del 2021 \u00e8 stato firmato un accordo di collaborazione tra il Sign. Ximo\u00a0 Calvo, rappresentante di Capella Ministrers, entit\u00e0 dedicata\" \/>\n<meta property=\"og:url\" content=\"https:\/\/www.turiart.com\/it\/accordo-di-collaborazione-tra-capella-de-ministrers-e-turiart\/\" \/>\n<meta property=\"og:site_name\" content=\"Turiart\" \/>\n<meta property=\"article:publisher\" content=\"https:\/\/www.facebook.com\/turiartVLC\/\" \/>\n<meta property=\"article:published_time\" content=\"2022-03-02T10:44:09+00:00\" \/>\n<meta property=\"article:modified_time\" content=\"2022-03-03T08:27:44+00:00\" \/>\n<meta property=\"og:image\" content=\"https:\/\/www.turiart.com\/wp-content\/uploads\/2021\/07\/Imagen1-scaled-e1627557631506.jpg\" \/>\n\t<meta property=\"og:image:width\" content=\"1920\" \/>\n\t<meta property=\"og:image:height\" content=\"1080\" \/>\n\t<meta property=\"og:image:type\" content=\"image\/jpeg\" \/>\n<meta name=\"author\" content=\"Turiart\" \/>\n<meta name=\"twitter:label1\" content=\"Written by\" \/>\n\t<meta name=\"twitter:data1\" content=\"Turiart\" \/>\n\t<meta name=\"twitter:label2\" content=\"Est. reading time\" \/>\n\t<meta name=\"twitter:data2\" content=\"2 minutes\" \/>\n<script type=\"application\/ld+json\" class=\"yoast-schema-graph\">{\"@context\":\"https:\/\/schema.org\",\"@graph\":[{\"@type\":\"Article\",\"@id\":\"https:\/\/www.turiart.com\/it\/accordo-di-collaborazione-tra-capella-de-ministrers-e-turiart\/#article\",\"isPartOf\":{\"@id\":\"https:\/\/www.turiart.com\/it\/accordo-di-collaborazione-tra-capella-de-ministrers-e-turiart\/\"},\"author\":{\"name\":\"Turiart\",\"@id\":\"https:\/\/www.turiart.com\/it\/#\/schema\/person\/214345442abe1bd41afd4db03c5bfe0f\"},\"headline\":\"Accordo di collaborazione tra Capella de Ministrers e Turiart\u00a0\",\"datePublished\":\"2022-03-02T10:44:09+00:00\",\"dateModified\":\"2022-03-03T08:27:44+00:00\",\"mainEntityOfPage\":{\"@id\":\"https:\/\/www.turiart.com\/it\/accordo-di-collaborazione-tra-capella-de-ministrers-e-turiart\/\"},\"wordCount\":310,\"commentCount\":0,\"publisher\":{\"@id\":\"https:\/\/www.turiart.com\/it\/#organization\"},\"image\":{\"@id\":\"https:\/\/www.turiart.com\/it\/accordo-di-collaborazione-tra-capella-de-ministrers-e-turiart\/#primaryimage\"},\"thumbnailUrl\":\"https:\/\/www.turiart.com\/wp-content\/uploads\/2021\/07\/Imagen1-scaled-e1627557631506.jpg\",\"keywords\":[\"arte\",\"capella de ministrers\",\"collaborazione\",\"cultura\",\"musica\",\"musica medievale\",\"turiart\",\"valencia\"],\"articleSection\":[\"Corporativo\",\"Notizie\"],\"inLanguage\":\"it-IT\",\"potentialAction\":[{\"@type\":\"CommentAction\",\"name\":\"Comment\",\"target\":[\"https:\/\/www.turiart.com\/it\/accordo-di-collaborazione-tra-capella-de-ministrers-e-turiart\/#respond\"]}]},{\"@type\":\"WebPage\",\"@id\":\"https:\/\/www.turiart.com\/it\/accordo-di-collaborazione-tra-capella-de-ministrers-e-turiart\/\",\"url\":\"https:\/\/www.turiart.com\/it\/accordo-di-collaborazione-tra-capella-de-ministrers-e-turiart\/\",\"name\":\"Accordo di collaborazione tra Capella de Ministrers e Turiart\u00a0 - Turiart\",\"isPartOf\":{\"@id\":\"https:\/\/www.turiart.com\/it\/#website\"},\"primaryImageOfPage\":{\"@id\":\"https:\/\/www.turiart.com\/it\/accordo-di-collaborazione-tra-capella-de-ministrers-e-turiart\/#primaryimage\"},\"image\":{\"@id\":\"https:\/\/www.turiart.com\/it\/accordo-di-collaborazione-tra-capella-de-ministrers-e-turiart\/#primaryimage\"},\"thumbnailUrl\":\"https:\/\/www.turiart.com\/wp-content\/uploads\/2021\/07\/Imagen1-scaled-e1627557631506.jpg\",\"datePublished\":\"2022-03-02T10:44:09+00:00\",\"dateModified\":\"2022-03-03T08:27:44+00:00\",\"description\":\"Lo scorso 29 aprile del 2021 \u00e8 stato firmato un accordo di collaborazione tra il Sign. Ximo\u00a0 Calvo, rappresentante di Capella Ministrers, entit\u00e0 dedicata\",\"breadcrumb\":{\"@id\":\"https:\/\/www.turiart.com\/it\/accordo-di-collaborazione-tra-capella-de-ministrers-e-turiart\/#breadcrumb\"},\"inLanguage\":\"it-IT\",\"potentialAction\":[{\"@type\":\"ReadAction\",\"target\":[\"https:\/\/www.turiart.com\/it\/accordo-di-collaborazione-tra-capella-de-ministrers-e-turiart\/\"]}]},{\"@type\":\"ImageObject\",\"inLanguage\":\"it-IT\",\"@id\":\"https:\/\/www.turiart.com\/it\/accordo-di-collaborazione-tra-capella-de-ministrers-e-turiart\/#primaryimage\",\"url\":\"https:\/\/www.turiart.com\/wp-content\/uploads\/2021\/07\/Imagen1-scaled-e1627557631506.jpg\",\"contentUrl\":\"https:\/\/www.turiart.com\/wp-content\/uploads\/2021\/07\/Imagen1-scaled-e1627557631506.jpg\",\"width\":1920,\"height\":1080},{\"@type\":\"BreadcrumbList\",\"@id\":\"https:\/\/www.turiart.com\/it\/accordo-di-collaborazione-tra-capella-de-ministrers-e-turiart\/#breadcrumb\",\"itemListElement\":[{\"@type\":\"ListItem\",\"position\":1,\"name\":\"Home\",\"item\":\"https:\/\/www.turiart.com\/it\/\"},{\"@type\":\"ListItem\",\"position\":2,\"name\":\"Corporativo\",\"item\":\"https:\/\/www.turiart.com\/it\/category\/corporativo-it\/\"},{\"@type\":\"ListItem\",\"position\":3,\"name\":\"Accordo di collaborazione tra Capella de Ministrers e Turiart\u00a0\"}]},{\"@type\":\"WebSite\",\"@id\":\"https:\/\/www.turiart.com\/it\/#website\",\"url\":\"https:\/\/www.turiart.com\/it\/\",\"name\":\"Turiart\",\"description\":\"Visitas guiadas y servicios tur\u00edstico-culturales en Valencia\",\"publisher\":{\"@id\":\"https:\/\/www.turiart.com\/it\/#organization\"},\"potentialAction\":[{\"@type\":\"SearchAction\",\"target\":{\"@type\":\"EntryPoint\",\"urlTemplate\":\"https:\/\/www.turiart.com\/it\/?s={search_term_string}\"},\"query-input\":{\"@type\":\"PropertyValueSpecification\",\"valueRequired\":true,\"valueName\":\"search_term_string\"}}],\"inLanguage\":\"it-IT\"},{\"@type\":\"Organization\",\"@id\":\"https:\/\/www.turiart.com\/it\/#organization\",\"name\":\"Servicios Auxiliares Turiart, S.L\",\"url\":\"https:\/\/www.turiart.com\/it\/\",\"logo\":{\"@type\":\"ImageObject\",\"inLanguage\":\"it-IT\",\"@id\":\"https:\/\/www.turiart.com\/it\/#\/schema\/logo\/image\/\",\"url\":\"https:\/\/www.turiart.com\/wp-content\/uploads\/2018\/06\/logoHD-1.png\",\"contentUrl\":\"https:\/\/www.turiart.com\/wp-content\/uploads\/2018\/06\/logoHD-1.png\",\"width\":403,\"height\":209,\"caption\":\"Servicios Auxiliares Turiart, S.L\"},\"image\":{\"@id\":\"https:\/\/www.turiart.com\/it\/#\/schema\/logo\/image\/\"},\"sameAs\":[\"https:\/\/www.facebook.com\/turiartVLC\/\",\"https:\/\/x.com\/turiart\",\"https:\/\/www.instagram.com\/turiart\/\",\"https:\/\/www.linkedin.com\/company\/2726719\/admin\/\"]},{\"@type\":\"Person\",\"@id\":\"https:\/\/www.turiart.com\/it\/#\/schema\/person\/214345442abe1bd41afd4db03c5bfe0f\",\"name\":\"Turiart\"}]}<\/script>\n<!-- \/ Yoast SEO plugin. -->","yoast_head_json":{"title":"Accordo di collaborazione tra Capella de Ministrers e Turiart\u00a0 - Turiart","description":"Lo scorso 29 aprile del 2021 \u00e8 stato firmato un accordo di collaborazione tra il Sign. Ximo\u00a0 Calvo, rappresentante di Capella Ministrers, entit\u00e0 dedicata","robots":{"index":"index","follow":"follow","max-snippet":"max-snippet:-1","max-image-preview":"max-image-preview:large","max-video-preview":"max-video-preview:-1"},"canonical":"https:\/\/www.turiart.com\/it\/accordo-di-collaborazione-tra-capella-de-ministrers-e-turiart\/","og_locale":"it_IT","og_type":"article","og_title":"Accordo di collaborazione tra Capella de Ministrers e Turiart\u00a0 - Turiart","og_description":"Lo scorso 29 aprile del 2021 \u00e8 stato firmato un accordo di collaborazione tra il Sign. Ximo\u00a0 Calvo, rappresentante di Capella Ministrers, entit\u00e0 dedicata","og_url":"https:\/\/www.turiart.com\/it\/accordo-di-collaborazione-tra-capella-de-ministrers-e-turiart\/","og_site_name":"Turiart","article_publisher":"https:\/\/www.facebook.com\/turiartVLC\/","article_published_time":"2022-03-02T10:44:09+00:00","article_modified_time":"2022-03-03T08:27:44+00:00","og_image":[{"width":1920,"height":1080,"url":"https:\/\/www.turiart.com\/wp-content\/uploads\/2021\/07\/Imagen1-scaled-e1627557631506.jpg","type":"image\/jpeg"}],"author":"Turiart","twitter_misc":{"Written by":"Turiart","Est. reading time":"2 minutes"},"schema":{"@context":"https:\/\/schema.org","@graph":[{"@type":"Article","@id":"https:\/\/www.turiart.com\/it\/accordo-di-collaborazione-tra-capella-de-ministrers-e-turiart\/#article","isPartOf":{"@id":"https:\/\/www.turiart.com\/it\/accordo-di-collaborazione-tra-capella-de-ministrers-e-turiart\/"},"author":{"name":"Turiart","@id":"https:\/\/www.turiart.com\/it\/#\/schema\/person\/214345442abe1bd41afd4db03c5bfe0f"},"headline":"Accordo di collaborazione tra Capella de Ministrers e Turiart\u00a0","datePublished":"2022-03-02T10:44:09+00:00","dateModified":"2022-03-03T08:27:44+00:00","mainEntityOfPage":{"@id":"https:\/\/www.turiart.com\/it\/accordo-di-collaborazione-tra-capella-de-ministrers-e-turiart\/"},"wordCount":310,"commentCount":0,"publisher":{"@id":"https:\/\/www.turiart.com\/it\/#organization"},"image":{"@id":"https:\/\/www.turiart.com\/it\/accordo-di-collaborazione-tra-capella-de-ministrers-e-turiart\/#primaryimage"},"thumbnailUrl":"https:\/\/www.turiart.com\/wp-content\/uploads\/2021\/07\/Imagen1-scaled-e1627557631506.jpg","keywords":["arte","capella de ministrers","collaborazione","cultura","musica","musica medievale","turiart","valencia"],"articleSection":["Corporativo","Notizie"],"inLanguage":"it-IT","potentialAction":[{"@type":"CommentAction","name":"Comment","target":["https:\/\/www.turiart.com\/it\/accordo-di-collaborazione-tra-capella-de-ministrers-e-turiart\/#respond"]}]},{"@type":"WebPage","@id":"https:\/\/www.turiart.com\/it\/accordo-di-collaborazione-tra-capella-de-ministrers-e-turiart\/","url":"https:\/\/www.turiart.com\/it\/accordo-di-collaborazione-tra-capella-de-ministrers-e-turiart\/","name":"Accordo di collaborazione tra Capella de Ministrers e Turiart\u00a0 - Turiart","isPartOf":{"@id":"https:\/\/www.turiart.com\/it\/#website"},"primaryImageOfPage":{"@id":"https:\/\/www.turiart.com\/it\/accordo-di-collaborazione-tra-capella-de-ministrers-e-turiart\/#primaryimage"},"image":{"@id":"https:\/\/www.turiart.com\/it\/accordo-di-collaborazione-tra-capella-de-ministrers-e-turiart\/#primaryimage"},"thumbnailUrl":"https:\/\/www.turiart.com\/wp-content\/uploads\/2021\/07\/Imagen1-scaled-e1627557631506.jpg","datePublished":"2022-03-02T10:44:09+00:00","dateModified":"2022-03-03T08:27:44+00:00","description":"Lo scorso 29 aprile del 2021 \u00e8 stato firmato un accordo di collaborazione tra il Sign. Ximo\u00a0 Calvo, rappresentante di Capella Ministrers, entit\u00e0 dedicata","breadcrumb":{"@id":"https:\/\/www.turiart.com\/it\/accordo-di-collaborazione-tra-capella-de-ministrers-e-turiart\/#breadcrumb"},"inLanguage":"it-IT","potentialAction":[{"@type":"ReadAction","target":["https:\/\/www.turiart.com\/it\/accordo-di-collaborazione-tra-capella-de-ministrers-e-turiart\/"]}]},{"@type":"ImageObject","inLanguage":"it-IT","@id":"https:\/\/www.turiart.com\/it\/accordo-di-collaborazione-tra-capella-de-ministrers-e-turiart\/#primaryimage","url":"https:\/\/www.turiart.com\/wp-content\/uploads\/2021\/07\/Imagen1-scaled-e1627557631506.jpg","contentUrl":"https:\/\/www.turiart.com\/wp-content\/uploads\/2021\/07\/Imagen1-scaled-e1627557631506.jpg","width":1920,"height":1080},{"@type":"BreadcrumbList","@id":"https:\/\/www.turiart.com\/it\/accordo-di-collaborazione-tra-capella-de-ministrers-e-turiart\/#breadcrumb","itemListElement":[{"@type":"ListItem","position":1,"name":"Home","item":"https:\/\/www.turiart.com\/it\/"},{"@type":"ListItem","position":2,"name":"Corporativo","item":"https:\/\/www.turiart.com\/it\/category\/corporativo-it\/"},{"@type":"ListItem","position":3,"name":"Accordo di collaborazione tra Capella de Ministrers e Turiart\u00a0"}]},{"@type":"WebSite","@id":"https:\/\/www.turiart.com\/it\/#website","url":"https:\/\/www.turiart.com\/it\/","name":"Turiart","description":"Visitas guiadas y servicios tur\u00edstico-culturales en Valencia","publisher":{"@id":"https:\/\/www.turiart.com\/it\/#organization"},"potentialAction":[{"@type":"SearchAction","target":{"@type":"EntryPoint","urlTemplate":"https:\/\/www.turiart.com\/it\/?s={search_term_string}"},"query-input":{"@type":"PropertyValueSpecification","valueRequired":true,"valueName":"search_term_string"}}],"inLanguage":"it-IT"},{"@type":"Organization","@id":"https:\/\/www.turiart.com\/it\/#organization","name":"Servicios Auxiliares Turiart, S.L","url":"https:\/\/www.turiart.com\/it\/","logo":{"@type":"ImageObject","inLanguage":"it-IT","@id":"https:\/\/www.turiart.com\/it\/#\/schema\/logo\/image\/","url":"https:\/\/www.turiart.com\/wp-content\/uploads\/2018\/06\/logoHD-1.png","contentUrl":"https:\/\/www.turiart.com\/wp-content\/uploads\/2018\/06\/logoHD-1.png","width":403,"height":209,"caption":"Servicios Auxiliares Turiart, S.L"},"image":{"@id":"https:\/\/www.turiart.com\/it\/#\/schema\/logo\/image\/"},"sameAs":["https:\/\/www.facebook.com\/turiartVLC\/","https:\/\/x.com\/turiart","https:\/\/www.instagram.com\/turiart\/","https:\/\/www.linkedin.com\/company\/2726719\/admin\/"]},{"@type":"Person","@id":"https:\/\/www.turiart.com\/it\/#\/schema\/person\/214345442abe1bd41afd4db03c5bfe0f","name":"Turiart"}]}},"_links":{"self":[{"href":"https:\/\/www.turiart.com\/it\/wp-json\/wp\/v2\/posts\/36529","targetHints":{"allow":["GET"]}}],"collection":[{"href":"https:\/\/www.turiart.com\/it\/wp-json\/wp\/v2\/posts"}],"about":[{"href":"https:\/\/www.turiart.com\/it\/wp-json\/wp\/v2\/types\/post"}],"author":[{"embeddable":true,"href":"https:\/\/www.turiart.com\/it\/wp-json\/wp\/v2\/users\/4"}],"replies":[{"embeddable":true,"href":"https:\/\/www.turiart.com\/it\/wp-json\/wp\/v2\/comments?post=36529"}],"version-history":[{"count":0,"href":"https:\/\/www.turiart.com\/it\/wp-json\/wp\/v2\/posts\/36529\/revisions"}],"wp:featuredmedia":[{"embeddable":true,"href":"https:\/\/www.turiart.com\/it\/wp-json\/wp\/v2\/media\/35957"}],"wp:attachment":[{"href":"https:\/\/www.turiart.com\/it\/wp-json\/wp\/v2\/media?parent=36529"}],"wp:term":[{"taxonomy":"category","embeddable":true,"href":"https:\/\/www.turiart.com\/it\/wp-json\/wp\/v2\/categories?post=36529"},{"taxonomy":"post_tag","embeddable":true,"href":"https:\/\/www.turiart.com\/it\/wp-json\/wp\/v2\/tags?post=36529"}],"curies":[{"name":"wp","href":"https:\/\/api.w.org\/{rel}","templated":true}]}}