{"id":36531,"date":"2022-03-02T13:29:29","date_gmt":"2022-03-02T11:29:29","guid":{"rendered":"https:\/\/www.turiart.com\/turiart-amplia-lofferta-di-svago-culturale-con-visite-guidate-nel-bombas-gens\/"},"modified":"2022-03-03T10:19:48","modified_gmt":"2022-03-03T08:19:48","slug":"turiart-amplia-lofferta-di-svago-culturale-con-visite-guidate-nel-bombas-gens","status":"publish","type":"post","link":"https:\/\/www.turiart.com\/it\/turiart-amplia-lofferta-di-svago-culturale-con-visite-guidate-nel-bombas-gens\/","title":{"rendered":"TURIART amplia l\u2019offerta di svago culturale con visite guidate nel Bombas Gens\u00a0"},"content":{"rendered":"<h4><i>Iniziamo l\u2019orario delle visite guidate nei fine settimana e organizziamo gruppi su misura per\u00a0 conoscere il rifugio della Guerra Civile, la cantina medievale, il centro d\u2019arte e il sorprendente\u00a0 giardino dell\u2019antica fabbrica.\u00a0<\/i><\/h4>\n<p>&nbsp;<\/p>\n<p><b>Valencia, dicembre 2021.- <\/b><span style=\"font-weight: 400;\"><em>Impara e divertiti condividendo<\/em>. Questo \u00e8 il nostro obiettivo con\u00a0 le visite guidate all\u2019antica fabbrica Bombas Gens, dove la <\/span><b>Fundaci\u00f3 Per Amor a l\u2019Art <\/b><span style=\"font-weight: 400;\">(FPAA)\u00a0 ha riacquistato la luminosit\u00e0 storica del complesso architettonico, dal Medioevo sino all\u2019attualit\u00e0, quando ha inaugurato questo spazio socioculturale nel 2017.\u00a0\u00a0<\/span><\/p>\n<p><span style=\"font-weight: 400;\">Dopo diversi anni di attivit\u00e0, le visite guidate all\u2019antica fabbrica <\/span><b><a href=\"https:\/\/www.bombasgens.com\/es\/\">Bombas Gens<\/a> <\/b><span style=\"font-weight: 400;\">si stanno\u00a0 riavviando dopo la pandemia. Turiart guider\u00e0 il percorso con tutte le sue storie e curiosit\u00e0,\u00a0 accedendo anche a tutti gli scenari del complesso storico nella stessa visita.\u00a0\u00a0<\/span><\/p>\n<p><span style=\"font-weight: 400;\">Per la visita guidata di benvenuto e presentazione del Centro si propone la creazione di gruppi\u00a0 di visitatori di un massimo di 20 persone. Le <\/span><b>lingue <\/b><span style=\"font-weight: 400;\">previste saranno spagnolo, valenciano e\u00a0 inglese. Sotto richiesta si potr\u00e0 offrire il servizio in francese, italiano o tedesco.\u00a0<\/span><\/p>\n<p><span style=\"font-weight: 400;\">La <\/span><b>durata <\/b><span style=\"font-weight: 400;\">prevista per il percorso delle visite regolari \u00e8 di 50 minuti con fino a due gruppi nello stesso orario.\u00a0<\/span><\/p>\n<p><span style=\"font-weight: 400;\">Per la prima volta \u201csi potr\u00e0 vedere e spiegare l\u2019installazione completa e non in forma isolata\u00a0 come avveniva in precedenza\u201d spiega Elisa Maldonado, vicedirettrice della FPAA, che aggiunge: \u201cNatale \u00e8 un buon momento per scoprire in famiglia (o con amici), imparare e godere di uno spazio unico a Valencia\u201d.\u00a0<\/span><\/p>\n<p><span style=\"font-weight: 400;\">Durante la visita conosceremo questi sorprendenti <\/span><b>spazi<\/b><span style=\"font-weight: 400;\">:\u00a0<\/span><\/p>\n<ul>\n<li><b>Un rifugio della Guerra Civile<\/b><span style=\"font-weight: 400;\">. La fabbrica venne sequestrata e inizi\u00f2 a produrre\u00a0 munizioni sotto forma di bombe di mortaio e granate. \u00c8 diventato quindi un obiettivo\u00a0 militare da parte dei ribelli e dei bombardamenti dell\u2019aviazione italiana che hanno\u00a0 avuto luogo nella citt\u00e0 di Valencia, soprattutto tra il 1937 e il 1938. Precisamente \u00e8 in\u00a0 questo momento che si costruisce questo rifugio antiaereo di tipo fabbrile.\u00a0<\/span><\/li>\n<li><b>Una cantina medievale<\/b><span style=\"font-weight: 400;\">. Per parlare di questa cantina, dobbiamo nominare l\u2019antica\u00a0 masseria di Comeig sotto la quale si trovava. Questo tipo di masserie che costellavano\u00a0 le antiche strade dei giardini di Marxalenes, sono state testimoni dello sviluppo\u00a0 industriale e della crescita della citt\u00e0. La cantina sotterranea \u00e8 datata in una riforma\u00a0 realizzata presso l\u2019osteria intorno al 1500 ed \u00e8 stata concepita come uno spazio per la\u00a0 produzione e lo stoccaggio di vino. Nel piano terra della masseria si trovava il torchio,\u00a0 dal quale \u00e8 stata recuperata una zattera circolare per il calpestio dell\u2019uva. Sotto di\u00a0 questo venne costruita la cantina facilmente visibile sotto il caveau che \u00e8 apparso\u00a0 dopo gli scavi.<\/span><\/li>\n<li><b>Un complesso storico e un giardino completo<\/b><span style=\"font-weight: 400;\">. Progettato da Gustavo Marina, il\u00a0 giardino viene considerato uno spazio di arte in pi\u00f9 dentro il complesso. Situato nel\u00a0 cortile posteriore della fabbrica, \u00e8 concepito come la fine del percorso museale, un\u00a0 luogo intimo di riflessione e riposo necessari, dove assimilare ci\u00f2 che \u00e8 stato visto\u00a0 all\u2019interno.\u00a0<\/span><\/li>\n<\/ul>\n<p><span style=\"font-weight: 400;\">Relazionato con due movimenti artistici: il Romanticismo-Modernismo proprio dell\u2019edificio e\u00a0 nel gruppo Site (Sculpture in the environment, il cui motto \u00e8 che arte e architettura si nutrono\u00a0 l\u2019un l\u2019altro) degli anni 70 e per quanto riguarda la paletta vegetale, ispirata ad Alfonse Mucha\u00a0 (le 4 stazioni), versione mediterranea. Si tratta di un giardino vivace, allegro, colorato. La cui composizione di alberi e arbusti creano tensioni e drammaticit\u00e0.\u00a0\u00a0<\/span><\/p>\n<p><span style=\"font-weight: 400;\">Gli alberi sono di tre tipi: agrumi (arancio, limone) esotici (jacaranda, fico, albero di Giove) e\u00a0 di secano valenciano (carrubo, olivo, granato). Il giardino presenta un pavimento continuo e\u00a0 adattabile, simile a quello dell\u2019insieme architettonico. Panche realizzate con selle riutilizzate\u00a0 dalla vecchia fabbrica. Opera Site-Specific \u201c<em>Attraverso\u201d<\/em> Cristina Iglesias che rappresenta due\u00a0 canali curvi in riferimento al fiume Turia, sul cui fondo sono state scolpite delle radici\u00a0 intrecciate di bassorilievi di bronzo.\u00a0\u00a0<\/span><\/p>\n<p><span style=\"font-weight: 400;\">Gli appuntamenti per queste visite saranno negli <strong>orari<\/strong> i sabati e le domeniche alle 11:30, 12:30 e 17:30.\u00a0 In pi\u00f9, questo Natale ampliamo estendiamo l\u2019orario delle visite guidate, da luned\u00ec a venerd\u00ec,\u00a0 dal giorno 27 sino al 31 dicembre alle 12:30 e 17:30, cos\u00ec come luned\u00ec 3 e marted\u00ec 4 di gennaio\u00a0 nello stesso orario, 12:30 e 17:30.\u00a0<\/span><\/p>\n<p><i><span style=\"font-weight: 400;\">\u201cDalla Fundaci\u00f3 crediamo che se abbiamo la fortuna di poter dare, abbiamo anche la\u00a0 responsabilit\u00e0 di condividere. E che per condividere in modo intelligente bisogna coordinare\u00a0 sforzi, connettere persone e collaborare\u2026 e questo funziona per condividere qualsiasi cosa:\u00a0 per condividere tempo, risorse, conoscenze, investigazione, affetto, arte, attenzione e\u00a0 assistenza agli svantaggiati. La Fundaci\u00f3 ha diverse aree che inglobano tutto questo. E\u00a0 vogliamo condividerle con te\u201d <\/span><\/i><span style=\"font-weight: 400;\">spiegano sia il presidente che la vicepresidente della Fundaci\u00f3\u00a0 Per Amor A l\u2019Art, Jos\u00e9 Luis Soler e Susana Lloret.<\/span><\/p>\n<p>&nbsp;<\/p>\n<p>&nbsp;<\/p>\n<h4><span style=\"color: #9e1313;\"><a style=\"color: #9e1313;\" href=\"https:\/\/tickets.bombasgens.com\/muslinkIII\/venda\/index.jsp?nom_cache=BOMBASGENS&amp;property=BOMBASGENS&amp;codiActiv=199&amp;lang=1#close\"><strong>CLICCA QUI per accedere al loro sitio Web per acquistare i biglietti<\/strong><\/a><\/span><\/h4>\n","protected":false},"excerpt":{"rendered":"<p>Iniziamo l\u2019orario delle visite guidate nei fine settimana e organizziamo gruppi su misura per\u00a0 conoscere il rifugio della Guerra Civile, la cantina medievale, il centro d\u2019arte e il sorprendente\u00a0 giardino dell\u2019antica fabbrica.\u00a0 &nbsp; Valencia, dicembre 2021.- Impara e divertiti condividendo. Questo \u00e8 il nostro obiettivo con\u00a0 le visite guidate all\u2019antica fabbrica Bombas Gens, dove la [&hellip;]<\/p>\n","protected":false},"author":4,"featured_media":36376,"comment_status":"open","ping_status":"closed","sticky":false,"template":"","format":"standard","meta":{"_acf_changed":false,"_joinchat":[],"footnotes":""},"categories":[138,140],"tags":[2511,2442,2690,2692,2619,2693,2441,2439,2691,2514],"class_list":["post-36531","post","type-post","status-publish","format-standard","has-post-thumbnail","hentry","category-corporativo-it","category-notizie","tag-arte-it","tag-cultura-it","tag-museo-it","tag-nuovo-percorso","tag-rotta-guidata","tag-tour-culturale","tag-turismo-it","tag-valencia-it","tag-visita-it","tag-visita-culturale"],"acf":[],"yoast_head":"<!-- This site is optimized with the Yoast SEO plugin v26.8 - https:\/\/yoast.com\/product\/yoast-seo-wordpress\/ -->\n<title>TURIART amplia l\u2019offerta di svago culturale con visite guidate nel Bombas Gens\u00a0 - Turiart<\/title>\n<meta name=\"description\" content=\"Iniziamo l\u2019orario delle visite guidate nei fine settimana e organizziamo gruppi su misura per\u00a0 conoscere il rifugio della Guerra Civile, la cantina\" \/>\n<meta name=\"robots\" content=\"index, follow, max-snippet:-1, max-image-preview:large, max-video-preview:-1\" \/>\n<link rel=\"canonical\" href=\"https:\/\/www.turiart.com\/it\/turiart-amplia-lofferta-di-svago-culturale-con-visite-guidate-nel-bombas-gens\/\" \/>\n<meta property=\"og:locale\" content=\"it_IT\" \/>\n<meta property=\"og:type\" content=\"article\" \/>\n<meta property=\"og:title\" content=\"TURIART amplia l\u2019offerta di svago culturale con visite guidate nel Bombas Gens\u00a0 - Turiart\" \/>\n<meta property=\"og:description\" content=\"Iniziamo l\u2019orario delle visite guidate nei fine settimana e organizziamo gruppi su misura per\u00a0 conoscere il rifugio della Guerra Civile, la cantina\" \/>\n<meta property=\"og:url\" content=\"https:\/\/www.turiart.com\/it\/turiart-amplia-lofferta-di-svago-culturale-con-visite-guidate-nel-bombas-gens\/\" \/>\n<meta property=\"og:site_name\" content=\"Turiart\" \/>\n<meta property=\"article:publisher\" content=\"https:\/\/www.facebook.com\/turiartVLC\/\" \/>\n<meta property=\"article:published_time\" content=\"2022-03-02T11:29:29+00:00\" \/>\n<meta property=\"article:modified_time\" content=\"2022-03-03T08:19:48+00:00\" \/>\n<meta property=\"og:image\" content=\"https:\/\/www.turiart.com\/wp-content\/uploads\/2021\/12\/BombasGens-NdP-1.jpg\" \/>\n\t<meta property=\"og:image:width\" content=\"713\" \/>\n\t<meta property=\"og:image:height\" content=\"321\" \/>\n\t<meta property=\"og:image:type\" content=\"image\/jpeg\" \/>\n<meta name=\"author\" content=\"Turiart\" \/>\n<meta name=\"twitter:label1\" content=\"Written by\" \/>\n\t<meta name=\"twitter:data1\" content=\"Turiart\" \/>\n\t<meta name=\"twitter:label2\" content=\"Est. reading time\" \/>\n\t<meta name=\"twitter:data2\" content=\"4 minutes\" \/>\n<script type=\"application\/ld+json\" class=\"yoast-schema-graph\">{\"@context\":\"https:\/\/schema.org\",\"@graph\":[{\"@type\":\"Article\",\"@id\":\"https:\/\/www.turiart.com\/it\/turiart-amplia-lofferta-di-svago-culturale-con-visite-guidate-nel-bombas-gens\/#article\",\"isPartOf\":{\"@id\":\"https:\/\/www.turiart.com\/it\/turiart-amplia-lofferta-di-svago-culturale-con-visite-guidate-nel-bombas-gens\/\"},\"author\":{\"name\":\"Turiart\",\"@id\":\"https:\/\/www.turiart.com\/it\/#\/schema\/person\/214345442abe1bd41afd4db03c5bfe0f\"},\"headline\":\"TURIART amplia l\u2019offerta di svago culturale con visite guidate nel Bombas Gens\u00a0\",\"datePublished\":\"2022-03-02T11:29:29+00:00\",\"dateModified\":\"2022-03-03T08:19:48+00:00\",\"mainEntityOfPage\":{\"@id\":\"https:\/\/www.turiart.com\/it\/turiart-amplia-lofferta-di-svago-culturale-con-visite-guidate-nel-bombas-gens\/\"},\"wordCount\":769,\"commentCount\":0,\"publisher\":{\"@id\":\"https:\/\/www.turiart.com\/it\/#organization\"},\"image\":{\"@id\":\"https:\/\/www.turiart.com\/it\/turiart-amplia-lofferta-di-svago-culturale-con-visite-guidate-nel-bombas-gens\/#primaryimage\"},\"thumbnailUrl\":\"https:\/\/www.turiart.com\/wp-content\/uploads\/2021\/12\/BombasGens-NdP-1.jpg\",\"keywords\":[\"arte\",\"cultura\",\"museo\",\"nuovo percorso\",\"rotta guidata\",\"tour culturale\",\"turismo\",\"valencia\",\"visita\",\"visita culturale\"],\"articleSection\":[\"Corporativo\",\"Notizie\"],\"inLanguage\":\"it-IT\",\"potentialAction\":[{\"@type\":\"CommentAction\",\"name\":\"Comment\",\"target\":[\"https:\/\/www.turiart.com\/it\/turiart-amplia-lofferta-di-svago-culturale-con-visite-guidate-nel-bombas-gens\/#respond\"]}]},{\"@type\":\"WebPage\",\"@id\":\"https:\/\/www.turiart.com\/it\/turiart-amplia-lofferta-di-svago-culturale-con-visite-guidate-nel-bombas-gens\/\",\"url\":\"https:\/\/www.turiart.com\/it\/turiart-amplia-lofferta-di-svago-culturale-con-visite-guidate-nel-bombas-gens\/\",\"name\":\"TURIART amplia l\u2019offerta di svago culturale con visite guidate nel Bombas Gens\u00a0 - Turiart\",\"isPartOf\":{\"@id\":\"https:\/\/www.turiart.com\/it\/#website\"},\"primaryImageOfPage\":{\"@id\":\"https:\/\/www.turiart.com\/it\/turiart-amplia-lofferta-di-svago-culturale-con-visite-guidate-nel-bombas-gens\/#primaryimage\"},\"image\":{\"@id\":\"https:\/\/www.turiart.com\/it\/turiart-amplia-lofferta-di-svago-culturale-con-visite-guidate-nel-bombas-gens\/#primaryimage\"},\"thumbnailUrl\":\"https:\/\/www.turiart.com\/wp-content\/uploads\/2021\/12\/BombasGens-NdP-1.jpg\",\"datePublished\":\"2022-03-02T11:29:29+00:00\",\"dateModified\":\"2022-03-03T08:19:48+00:00\",\"description\":\"Iniziamo l\u2019orario delle visite guidate nei fine settimana e organizziamo gruppi su misura per\u00a0 conoscere il rifugio della Guerra Civile, la cantina\",\"breadcrumb\":{\"@id\":\"https:\/\/www.turiart.com\/it\/turiart-amplia-lofferta-di-svago-culturale-con-visite-guidate-nel-bombas-gens\/#breadcrumb\"},\"inLanguage\":\"it-IT\",\"potentialAction\":[{\"@type\":\"ReadAction\",\"target\":[\"https:\/\/www.turiart.com\/it\/turiart-amplia-lofferta-di-svago-culturale-con-visite-guidate-nel-bombas-gens\/\"]}]},{\"@type\":\"ImageObject\",\"inLanguage\":\"it-IT\",\"@id\":\"https:\/\/www.turiart.com\/it\/turiart-amplia-lofferta-di-svago-culturale-con-visite-guidate-nel-bombas-gens\/#primaryimage\",\"url\":\"https:\/\/www.turiart.com\/wp-content\/uploads\/2021\/12\/BombasGens-NdP-1.jpg\",\"contentUrl\":\"https:\/\/www.turiart.com\/wp-content\/uploads\/2021\/12\/BombasGens-NdP-1.jpg\",\"width\":713,\"height\":321},{\"@type\":\"BreadcrumbList\",\"@id\":\"https:\/\/www.turiart.com\/it\/turiart-amplia-lofferta-di-svago-culturale-con-visite-guidate-nel-bombas-gens\/#breadcrumb\",\"itemListElement\":[{\"@type\":\"ListItem\",\"position\":1,\"name\":\"Home\",\"item\":\"https:\/\/www.turiart.com\/it\/\"},{\"@type\":\"ListItem\",\"position\":2,\"name\":\"Corporativo\",\"item\":\"https:\/\/www.turiart.com\/it\/category\/corporativo-it\/\"},{\"@type\":\"ListItem\",\"position\":3,\"name\":\"TURIART amplia l\u2019offerta di svago culturale con visite guidate nel Bombas Gens\u00a0\"}]},{\"@type\":\"WebSite\",\"@id\":\"https:\/\/www.turiart.com\/it\/#website\",\"url\":\"https:\/\/www.turiart.com\/it\/\",\"name\":\"Turiart\",\"description\":\"Visitas guiadas y servicios tur\u00edstico-culturales en Valencia\",\"publisher\":{\"@id\":\"https:\/\/www.turiart.com\/it\/#organization\"},\"potentialAction\":[{\"@type\":\"SearchAction\",\"target\":{\"@type\":\"EntryPoint\",\"urlTemplate\":\"https:\/\/www.turiart.com\/it\/?s={search_term_string}\"},\"query-input\":{\"@type\":\"PropertyValueSpecification\",\"valueRequired\":true,\"valueName\":\"search_term_string\"}}],\"inLanguage\":\"it-IT\"},{\"@type\":\"Organization\",\"@id\":\"https:\/\/www.turiart.com\/it\/#organization\",\"name\":\"Servicios Auxiliares Turiart, S.L\",\"url\":\"https:\/\/www.turiart.com\/it\/\",\"logo\":{\"@type\":\"ImageObject\",\"inLanguage\":\"it-IT\",\"@id\":\"https:\/\/www.turiart.com\/it\/#\/schema\/logo\/image\/\",\"url\":\"https:\/\/www.turiart.com\/wp-content\/uploads\/2018\/06\/logoHD-1.png\",\"contentUrl\":\"https:\/\/www.turiart.com\/wp-content\/uploads\/2018\/06\/logoHD-1.png\",\"width\":403,\"height\":209,\"caption\":\"Servicios Auxiliares Turiart, S.L\"},\"image\":{\"@id\":\"https:\/\/www.turiart.com\/it\/#\/schema\/logo\/image\/\"},\"sameAs\":[\"https:\/\/www.facebook.com\/turiartVLC\/\",\"https:\/\/x.com\/turiart\",\"https:\/\/www.instagram.com\/turiart\/\",\"https:\/\/www.linkedin.com\/company\/2726719\/admin\/\"]},{\"@type\":\"Person\",\"@id\":\"https:\/\/www.turiart.com\/it\/#\/schema\/person\/214345442abe1bd41afd4db03c5bfe0f\",\"name\":\"Turiart\"}]}<\/script>\n<!-- \/ Yoast SEO plugin. -->","yoast_head_json":{"title":"TURIART amplia l\u2019offerta di svago culturale con visite guidate nel Bombas Gens\u00a0 - Turiart","description":"Iniziamo l\u2019orario delle visite guidate nei fine settimana e organizziamo gruppi su misura per\u00a0 conoscere il rifugio della Guerra Civile, la cantina","robots":{"index":"index","follow":"follow","max-snippet":"max-snippet:-1","max-image-preview":"max-image-preview:large","max-video-preview":"max-video-preview:-1"},"canonical":"https:\/\/www.turiart.com\/it\/turiart-amplia-lofferta-di-svago-culturale-con-visite-guidate-nel-bombas-gens\/","og_locale":"it_IT","og_type":"article","og_title":"TURIART amplia l\u2019offerta di svago culturale con visite guidate nel Bombas Gens\u00a0 - Turiart","og_description":"Iniziamo l\u2019orario delle visite guidate nei fine settimana e organizziamo gruppi su misura per\u00a0 conoscere il rifugio della Guerra Civile, la cantina","og_url":"https:\/\/www.turiart.com\/it\/turiart-amplia-lofferta-di-svago-culturale-con-visite-guidate-nel-bombas-gens\/","og_site_name":"Turiart","article_publisher":"https:\/\/www.facebook.com\/turiartVLC\/","article_published_time":"2022-03-02T11:29:29+00:00","article_modified_time":"2022-03-03T08:19:48+00:00","og_image":[{"width":713,"height":321,"url":"https:\/\/www.turiart.com\/wp-content\/uploads\/2021\/12\/BombasGens-NdP-1.jpg","type":"image\/jpeg"}],"author":"Turiart","twitter_misc":{"Written by":"Turiart","Est. reading time":"4 minutes"},"schema":{"@context":"https:\/\/schema.org","@graph":[{"@type":"Article","@id":"https:\/\/www.turiart.com\/it\/turiart-amplia-lofferta-di-svago-culturale-con-visite-guidate-nel-bombas-gens\/#article","isPartOf":{"@id":"https:\/\/www.turiart.com\/it\/turiart-amplia-lofferta-di-svago-culturale-con-visite-guidate-nel-bombas-gens\/"},"author":{"name":"Turiart","@id":"https:\/\/www.turiart.com\/it\/#\/schema\/person\/214345442abe1bd41afd4db03c5bfe0f"},"headline":"TURIART amplia l\u2019offerta di svago culturale con visite guidate nel Bombas Gens\u00a0","datePublished":"2022-03-02T11:29:29+00:00","dateModified":"2022-03-03T08:19:48+00:00","mainEntityOfPage":{"@id":"https:\/\/www.turiart.com\/it\/turiart-amplia-lofferta-di-svago-culturale-con-visite-guidate-nel-bombas-gens\/"},"wordCount":769,"commentCount":0,"publisher":{"@id":"https:\/\/www.turiart.com\/it\/#organization"},"image":{"@id":"https:\/\/www.turiart.com\/it\/turiart-amplia-lofferta-di-svago-culturale-con-visite-guidate-nel-bombas-gens\/#primaryimage"},"thumbnailUrl":"https:\/\/www.turiart.com\/wp-content\/uploads\/2021\/12\/BombasGens-NdP-1.jpg","keywords":["arte","cultura","museo","nuovo percorso","rotta guidata","tour culturale","turismo","valencia","visita","visita culturale"],"articleSection":["Corporativo","Notizie"],"inLanguage":"it-IT","potentialAction":[{"@type":"CommentAction","name":"Comment","target":["https:\/\/www.turiart.com\/it\/turiart-amplia-lofferta-di-svago-culturale-con-visite-guidate-nel-bombas-gens\/#respond"]}]},{"@type":"WebPage","@id":"https:\/\/www.turiart.com\/it\/turiart-amplia-lofferta-di-svago-culturale-con-visite-guidate-nel-bombas-gens\/","url":"https:\/\/www.turiart.com\/it\/turiart-amplia-lofferta-di-svago-culturale-con-visite-guidate-nel-bombas-gens\/","name":"TURIART amplia l\u2019offerta di svago culturale con visite guidate nel Bombas Gens\u00a0 - Turiart","isPartOf":{"@id":"https:\/\/www.turiart.com\/it\/#website"},"primaryImageOfPage":{"@id":"https:\/\/www.turiart.com\/it\/turiart-amplia-lofferta-di-svago-culturale-con-visite-guidate-nel-bombas-gens\/#primaryimage"},"image":{"@id":"https:\/\/www.turiart.com\/it\/turiart-amplia-lofferta-di-svago-culturale-con-visite-guidate-nel-bombas-gens\/#primaryimage"},"thumbnailUrl":"https:\/\/www.turiart.com\/wp-content\/uploads\/2021\/12\/BombasGens-NdP-1.jpg","datePublished":"2022-03-02T11:29:29+00:00","dateModified":"2022-03-03T08:19:48+00:00","description":"Iniziamo l\u2019orario delle visite guidate nei fine settimana e organizziamo gruppi su misura per\u00a0 conoscere il rifugio della Guerra Civile, la cantina","breadcrumb":{"@id":"https:\/\/www.turiart.com\/it\/turiart-amplia-lofferta-di-svago-culturale-con-visite-guidate-nel-bombas-gens\/#breadcrumb"},"inLanguage":"it-IT","potentialAction":[{"@type":"ReadAction","target":["https:\/\/www.turiart.com\/it\/turiart-amplia-lofferta-di-svago-culturale-con-visite-guidate-nel-bombas-gens\/"]}]},{"@type":"ImageObject","inLanguage":"it-IT","@id":"https:\/\/www.turiart.com\/it\/turiart-amplia-lofferta-di-svago-culturale-con-visite-guidate-nel-bombas-gens\/#primaryimage","url":"https:\/\/www.turiart.com\/wp-content\/uploads\/2021\/12\/BombasGens-NdP-1.jpg","contentUrl":"https:\/\/www.turiart.com\/wp-content\/uploads\/2021\/12\/BombasGens-NdP-1.jpg","width":713,"height":321},{"@type":"BreadcrumbList","@id":"https:\/\/www.turiart.com\/it\/turiart-amplia-lofferta-di-svago-culturale-con-visite-guidate-nel-bombas-gens\/#breadcrumb","itemListElement":[{"@type":"ListItem","position":1,"name":"Home","item":"https:\/\/www.turiart.com\/it\/"},{"@type":"ListItem","position":2,"name":"Corporativo","item":"https:\/\/www.turiart.com\/it\/category\/corporativo-it\/"},{"@type":"ListItem","position":3,"name":"TURIART amplia l\u2019offerta di svago culturale con visite guidate nel Bombas Gens\u00a0"}]},{"@type":"WebSite","@id":"https:\/\/www.turiart.com\/it\/#website","url":"https:\/\/www.turiart.com\/it\/","name":"Turiart","description":"Visitas guiadas y servicios tur\u00edstico-culturales en Valencia","publisher":{"@id":"https:\/\/www.turiart.com\/it\/#organization"},"potentialAction":[{"@type":"SearchAction","target":{"@type":"EntryPoint","urlTemplate":"https:\/\/www.turiart.com\/it\/?s={search_term_string}"},"query-input":{"@type":"PropertyValueSpecification","valueRequired":true,"valueName":"search_term_string"}}],"inLanguage":"it-IT"},{"@type":"Organization","@id":"https:\/\/www.turiart.com\/it\/#organization","name":"Servicios Auxiliares Turiart, S.L","url":"https:\/\/www.turiart.com\/it\/","logo":{"@type":"ImageObject","inLanguage":"it-IT","@id":"https:\/\/www.turiart.com\/it\/#\/schema\/logo\/image\/","url":"https:\/\/www.turiart.com\/wp-content\/uploads\/2018\/06\/logoHD-1.png","contentUrl":"https:\/\/www.turiart.com\/wp-content\/uploads\/2018\/06\/logoHD-1.png","width":403,"height":209,"caption":"Servicios Auxiliares Turiart, S.L"},"image":{"@id":"https:\/\/www.turiart.com\/it\/#\/schema\/logo\/image\/"},"sameAs":["https:\/\/www.facebook.com\/turiartVLC\/","https:\/\/x.com\/turiart","https:\/\/www.instagram.com\/turiart\/","https:\/\/www.linkedin.com\/company\/2726719\/admin\/"]},{"@type":"Person","@id":"https:\/\/www.turiart.com\/it\/#\/schema\/person\/214345442abe1bd41afd4db03c5bfe0f","name":"Turiart"}]}},"_links":{"self":[{"href":"https:\/\/www.turiart.com\/it\/wp-json\/wp\/v2\/posts\/36531","targetHints":{"allow":["GET"]}}],"collection":[{"href":"https:\/\/www.turiart.com\/it\/wp-json\/wp\/v2\/posts"}],"about":[{"href":"https:\/\/www.turiart.com\/it\/wp-json\/wp\/v2\/types\/post"}],"author":[{"embeddable":true,"href":"https:\/\/www.turiart.com\/it\/wp-json\/wp\/v2\/users\/4"}],"replies":[{"embeddable":true,"href":"https:\/\/www.turiart.com\/it\/wp-json\/wp\/v2\/comments?post=36531"}],"version-history":[{"count":0,"href":"https:\/\/www.turiart.com\/it\/wp-json\/wp\/v2\/posts\/36531\/revisions"}],"wp:featuredmedia":[{"embeddable":true,"href":"https:\/\/www.turiart.com\/it\/wp-json\/wp\/v2\/media\/36376"}],"wp:attachment":[{"href":"https:\/\/www.turiart.com\/it\/wp-json\/wp\/v2\/media?parent=36531"}],"wp:term":[{"taxonomy":"category","embeddable":true,"href":"https:\/\/www.turiart.com\/it\/wp-json\/wp\/v2\/categories?post=36531"},{"taxonomy":"post_tag","embeddable":true,"href":"https:\/\/www.turiart.com\/it\/wp-json\/wp\/v2\/tags?post=36531"}],"curies":[{"name":"wp","href":"https:\/\/api.w.org\/{rel}","templated":true}]}}